{"id":10299,"date":"2023-07-02T13:38:44","date_gmt":"2023-07-02T16:38:44","guid":{"rendered":"https:\/\/www.giselagarciagleria.com.ar\/?p=10299"},"modified":"2026-02-08T19:44:33","modified_gmt":"2026-02-08T22:44:33","slug":"kavalan","status":"publish","type":"post","link":"https:\/\/www.giselagarciagleria.com.ar\/en\/kavalan\/","title":{"rendered":"Kavalan"},"content":{"rendered":"<p>[et_pb_section fb_built=\u00bb1&#8243; _builder_version=\u00bb4.16&#8243; global_colors_info=\u00bb{}\u00bb][et_pb_row _builder_version=\u00bb4.16&#8243; background_size=\u00bbinitial\u00bb background_position=\u00bbtop_left\u00bb background_repeat=\u00bbrepeat\u00bb global_colors_info=\u00bb{}\u00bb][et_pb_column type=\u00bb4_4&#8243; _builder_version=\u00bb4.16&#8243; custom_padding=\u00bb|||\u00bb global_colors_info=\u00bb{}\u00bb custom_padding__hover=\u00bb|||\u00bb][et_pb_text _builder_version=\u00bb4.21.0&#8243; text_font_size=\u00bb16px\u00bb text_line_height=\u00bb2em\u00bb background_size=\u00bbinitial\u00bb background_position=\u00bbtop_left\u00bb background_repeat=\u00bbrepeat\u00bb text_font_size_tablet=\u00bb\u00bb text_font_size_phone=\u00bb14px\u00bb text_font_size_last_edited=\u00bbon|phone\u00bb global_colors_info=\u00bb{}\u00bb]<\/p>\n<p>El pasado viernes 30 de junio tuve la oportunidad de participar de un evento muy especial, acompa\u00f1ando con tres cuadros m\u00edos la presentaci\u00f3n en Argentina de dos expresiones del whisky taiwan\u00e9s Kavalan en el Museo del Whisky de Buenos Aires.<\/p>\n<p>Invitada por Miguel \u00c1ngel Reigosa, mis pinturas fueron el marco introductorio de la interesante cata del Kavalan N\u00b01, el Concertmaster Sherry Cask y el Concertmaster Port Cask, con la gu\u00eda de Yoel Guldin, representante de Tibex en Argentina, disfrutando de la presencia de la Sra. Embajadora de Taiwan Florencia Miao-hung Hsie y representantes de la Oficina Comercial y Cultural de Taipei en Buenos Aires.<\/p>\n<p>Gracias a ABC Mundial Web y Karina Giorgenello por la hermosa nota.<\/p>\n<p>&nbsp;<\/p>\n<p>&nbsp;<\/p>\n<p>Obras expuestas:<\/p>\n<p><strong>Los alambiques de Kavalan<\/strong><br \/>Serie: Destiler\u00edas<br \/>T\u00e9cnica: Acr\u00edlico sobre tela<br \/>Medidas: 50 x 60 cm<br \/>A\u00f1o: 2023<\/p>\n<p><a href=\"https:\/\/www.giselagarciagleria.com.ar\/wp-content\/uploads\/2023\/06\/Los-alambiques-de-Kavalan.jpg\"><img loading=\"lazy\" decoding=\"async\" src=\"https:\/\/www.giselagarciagleria.com.ar\/wp-content\/uploads\/2023\/06\/Los-alambiques-de-Kavalan-247x300.jpg\" alt=\"Los alambiques de Kavalan\" class=\"wp-image-10291 alignnone size-medium\" width=\"247\" height=\"300\" \/><\/a><\/p>\n<p>&nbsp;<\/p>\n<p><strong>La primavera de Kavalan<\/strong><br \/>Serie: Mundo del Whisky<br \/>T\u00e9cnica: Acr\u00edlico sobre tela<br \/>Medidas: 40 x 40 cm<br \/>A\u00f1o: 2023<\/p>\n<p><a href=\"https:\/\/www.giselagarciagleria.com.ar\/wp-content\/uploads\/2023\/06\/La-primavera-de-Kavalan.jpg\"><img loading=\"lazy\" decoding=\"async\" src=\"https:\/\/www.giselagarciagleria.com.ar\/wp-content\/uploads\/2023\/06\/La-primavera-de-Kavalan-300x300.jpg\" alt=\"La primavera de Kavalan\" class=\"wp-image-10282 alignnone size-medium\" width=\"300\" height=\"300\" \/><\/a><\/p>\n<p>&nbsp;<\/p>\n<p><strong>La fuerza de la barrica de Kavalan<\/strong><br \/>Serie: Mundo del Whisky<br \/>T\u00e9cnica: Acr\u00edlico sobre tela<br \/>Medidas: 40 x 40 cm<br \/>A\u00f1o: 2023<\/p>\n<p><a href=\"https:\/\/www.giselagarciagleria.com.ar\/wp-content\/uploads\/2023\/06\/La-fuerza-de-la-barrica-de-Kavalan.jpg\"><img loading=\"lazy\" decoding=\"async\" src=\"https:\/\/www.giselagarciagleria.com.ar\/wp-content\/uploads\/2023\/06\/La-fuerza-de-la-barrica-de-Kavalan-300x300.jpg\" alt=\"La fuerza de la barrica de Kavalan\" class=\"wp-image-10281 alignnone size-medium\" width=\"300\" height=\"300\" \/><\/a><\/p>\n<p><span style=\"color: #666699;\"><strong><\/strong><\/span><\/p>\n<p><span style=\"color: #666699;\"><strong>Museo del Whisky de Buenos Aires<\/strong><\/span><br \/><span style=\"color: #666699;\">Monroe 3982, Buenos Aires, Argentina<\/span><\/p>\n<p><span style=\"color: #666699;\">30 de junio de 2023<\/span><\/p>\n<p>&nbsp;<\/p>\n<p>[\/et_pb_text][\/et_pb_column][\/et_pb_row][et_pb_row _builder_version=\u00bb4.16&#8243; global_colors_info=\u00bb{}\u00bb][et_pb_column type=\u00bb4_4&#8243; _builder_version=\u00bb4.16&#8243; custom_padding=\u00bb|||\u00bb global_colors_info=\u00bb{}\u00bb custom_padding__hover=\u00bb|||\u00bb][et_pb_gallery gallery_ids=\u00bb10307,10308,10309,10310,10311,10314,10315,10316,10317,10318,10319,10313,10320,10312&#8243; posts_number=\u00bb20&#8243; show_title_and_caption=\u00bboff\u00bb hover_overlay_color=\u00bbrgba(255,255,255,0.5)\u00bb _builder_version=\u00bb4.21.0&#8243; custom_margin=\u00bb30px||30px\u00bb border_color_all_image=\u00bb#000000&#8243; box_shadow_style_image=\u00bbpreset3&#8243; box_shadow_blur_image=\u00bb5px\u00bb global_colors_info=\u00bb{}\u00bb][\/et_pb_gallery][et_pb_video thumbnail_overlay_color=\u00bbrgba(0,0,0,0.6)\u00bb _builder_version=\u00bb4.21.0&#8243; _module_preset=\u00bbdefault\u00bb width=\u00bb70%\u00bb module_alignment=\u00bbcenter\u00bb custom_padding=\u00bb50px||50px||true|false\u00bb hover_enabled=\u00bb0&#8243; global_colors_info=\u00bb{}\u00bb src=\u00bbhttps:\/\/www.youtube.com\/watch?v=aT6KsstWxV8&#8243; sticky_enabled=\u00bb0&#8243;][\/et_pb_video][\/et_pb_column][\/et_pb_row][\/et_pb_section][et_pb_section fb_built=\u00bb1&#8243; _builder_version=\u00bb4.16&#8243; _module_preset=\u00bbdefault\u00bb custom_padding=\u00bb0px||0px||true|false\u00bb global_module=\u00bb7387&#8243; saved_tabs=\u00bball\u00bb global_colors_info=\u00bb{}\u00bb][et_pb_row _builder_version=\u00bb4.16&#8243; _module_preset=\u00bbdefault\u00bb global_colors_info=\u00bb{}\u00bb][et_pb_column type=\u00bb4_4&#8243; _builder_version=\u00bb4.16&#8243; _module_preset=\u00bbdefault\u00bb global_colors_info=\u00bb{}\u00bb][et_pb_comments show_count=\u00bboff\u00bb _builder_version=\u00bb4.16&#8243; _module_preset=\u00bbdefault\u00bb global_colors_info=\u00bb{}\u00bb][\/et_pb_comments][\/et_pb_column][\/et_pb_row][\/et_pb_section]<\/p>\n","protected":false},"excerpt":{"rendered":"<p>El pasado viernes 30 de junio tuve la oportunidad de participar de un evento muy especial, acompa\u00f1ando con tres cuadros m\u00edos la presentaci\u00f3n en Argentina de dos expresiones del whisky taiwan\u00e9s Kavalan en el Museo del Whisky de Buenos Aires. Invitada por Miguel \u00c1ngel Reigosa, mis pinturas fueron el marco introductorio de la interesante cata [&hellip;]<\/p>\n","protected":false},"author":1,"featured_media":10306,"comment_status":"closed","ping_status":"open","sticky":false,"template":"","format":"standard","meta":{"_et_pb_use_builder":"on","_et_pb_old_content":"","_et_gb_content_width":"","footnotes":""},"categories":[85,69],"tags":[],"class_list":["post-10299","post","type-post","status-publish","format-standard","has-post-thumbnail","hentry","category-eventos","category-exposiciones"],"a3_pvc":{"activated":false,"total_views":70,"today_views":0},"_links":{"self":[{"href":"https:\/\/www.giselagarciagleria.com.ar\/en\/wp-json\/wp\/v2\/posts\/10299","targetHints":{"allow":["GET"]}}],"collection":[{"href":"https:\/\/www.giselagarciagleria.com.ar\/en\/wp-json\/wp\/v2\/posts"}],"about":[{"href":"https:\/\/www.giselagarciagleria.com.ar\/en\/wp-json\/wp\/v2\/types\/post"}],"author":[{"embeddable":true,"href":"https:\/\/www.giselagarciagleria.com.ar\/en\/wp-json\/wp\/v2\/users\/1"}],"replies":[{"embeddable":true,"href":"https:\/\/www.giselagarciagleria.com.ar\/en\/wp-json\/wp\/v2\/comments?post=10299"}],"version-history":[{"count":1,"href":"https:\/\/www.giselagarciagleria.com.ar\/en\/wp-json\/wp\/v2\/posts\/10299\/revisions"}],"predecessor-version":[{"id":12333,"href":"https:\/\/www.giselagarciagleria.com.ar\/en\/wp-json\/wp\/v2\/posts\/10299\/revisions\/12333"}],"wp:featuredmedia":[{"embeddable":true,"href":"https:\/\/www.giselagarciagleria.com.ar\/en\/wp-json\/wp\/v2\/media\/10306"}],"wp:attachment":[{"href":"https:\/\/www.giselagarciagleria.com.ar\/en\/wp-json\/wp\/v2\/media?parent=10299"}],"wp:term":[{"taxonomy":"category","embeddable":true,"href":"https:\/\/www.giselagarciagleria.com.ar\/en\/wp-json\/wp\/v2\/categories?post=10299"},{"taxonomy":"post_tag","embeddable":true,"href":"https:\/\/www.giselagarciagleria.com.ar\/en\/wp-json\/wp\/v2\/tags?post=10299"}],"curies":[{"name":"wp","href":"https:\/\/api.w.org\/{rel}","templated":true}]}}