{"id":10797,"date":"2024-08-01T14:38:21","date_gmt":"2024-08-01T17:38:21","guid":{"rendered":"https:\/\/www.giselagarciagleria.com.ar\/?p=10797"},"modified":"2024-09-23T14:52:44","modified_gmt":"2024-09-23T17:52:44","slug":"artistad","status":"publish","type":"post","link":"https:\/\/www.giselagarciagleria.com.ar\/en\/artistad\/","title":{"rendered":"Artistad"},"content":{"rendered":"<p>[et_pb_section fb_built=\u00bb1&#8243; _builder_version=\u00bb4.16&#8243; global_colors_info=\u00bb{}\u00bb theme_builder_area=\u00bbpost_content\u00bb][et_pb_row _builder_version=\u00bb4.16&#8243; background_size=\u00bbinitial\u00bb background_position=\u00bbtop_left\u00bb background_repeat=\u00bbrepeat\u00bb global_colors_info=\u00bb{}\u00bb theme_builder_area=\u00bbpost_content\u00bb][et_pb_column type=\u00bb4_4&#8243; _builder_version=\u00bb4.16&#8243; custom_padding=\u00bb|||\u00bb global_colors_info=\u00bb{}\u00bb custom_padding__hover=\u00bb|||\u00bb theme_builder_area=\u00bbpost_content\u00bb][et_pb_text _builder_version=\u00bb4.27.0&#8243; text_font_size=\u00bb16px\u00bb text_line_height=\u00bb2em\u00bb header_2_font_size=\u00bb24px\u00bb header_2_line_height=\u00bb3em\u00bb background_size=\u00bbinitial\u00bb background_position=\u00bbtop_left\u00bb background_repeat=\u00bbrepeat\u00bb hover_enabled=\u00bb0&#8243; text_font_size_tablet=\u00bb\u00bb text_font_size_phone=\u00bb14px\u00bb text_font_size_last_edited=\u00bbon|phone\u00bb global_colors_info=\u00bb{}\u00bb theme_builder_area=\u00bbpost_content\u00bb sticky_enabled=\u00bb0&#8243;]<\/p>\n<p>Estoy muy feliz de la hermosa noche de apertura de la Exposici\u00f3n de Arte<em><strong> \u00abArtistad\u00bb<\/strong><\/em>, donde tuve la oportunidad de estar con mi familia, amigos y muchos grandes artistas, compartiendo un hermoso momento juntos y mostrando el <em><strong>Retrato de Charles MacLean<\/strong><\/em> que hice hace cuatro a\u00f1os.<\/p>\n<p>Es un placer compartir estos recuerdos con todos ustedes, especialmente con <a href=\"@johnrobertson.studio\">@johnrobertson.studio<\/a>, quien me inspir\u00f3 y me alent\u00f3 tantas veces a producir muchas de mis obras de arte favoritas, como esta.<\/p>\n<p>&nbsp;<\/p>\n<p><span style=\"color: #993366;\"><em>\u00abEst\u00e1 obra condensa mi pasi\u00f3n por el whisky, mi amor por el arte y el valor que tienen para m\u00ed los buenos amigos. Es el resultado de un hermoso intercambio de ideas que devino en una amistad m\u00e1s all\u00e1 de las fronteras. <\/em><\/span><br \/><span style=\"color: #993366;\"><em>Una charla con un consultor de whisky escoc\u00e9s, John Robertson, que surgi\u00f3 durante la pandemia, inspir\u00f3 muchas de mis obras, entre ellas este retrato de Charles MacLean, uno de los expertos en whisky de Escocia m\u00e1s reconocido mundialmente.\u00bb<\/em><\/span><\/p>\n<p><span style=\"color: #993366;\"><em><\/em><\/span><\/p>\n<p><a href=\"https:\/\/www.giselagarciagleria.com.ar\/wp-content\/uploads\/2020\/11\/Retrato-de-Charles-MacLean.jpg\"><img loading=\"lazy\" decoding=\"async\" src=\"https:\/\/www.giselagarciagleria.com.ar\/wp-content\/uploads\/2020\/11\/Retrato-de-Charles-MacLean-251x300.jpg\" width=\"251\" height=\"300\" alt=\"Gisela Garc\u00eda Gleria\" class=\"wp-image-8272 alignnone size-medium\" \/><\/a><\/p>\n<p>T\u00edtulo: <strong>Retrato de Charles MacLean<\/strong><br \/>Serie: Mundo del Whisky<br \/>T\u00e9cnica: Acr\u00edlico sobre tela<br \/>Medidas: 50 x 60cm<br \/>A\u00f1o: 2020<\/p>\n<p>EL ARTE ES DE TODOS<\/p>\n<p>&nbsp;<\/p>\n<p><span style=\"color: #008080;\">\u00a019 al 31 de julio de 2024<\/span><br \/><em><strong><span style=\"color: #008080;\">Gusta tu gusto &#8211; Espacio de arte<\/span><\/strong><\/em><br \/><span style=\"color: #008080;\">Chile 2364. Buenos Aires, Argentina<\/span><\/p>\n<p>[\/et_pb_text][\/et_pb_column][\/et_pb_row][et_pb_row _builder_version=\u00bb4.16&#8243; global_colors_info=\u00bb{}\u00bb theme_builder_area=\u00bbpost_content\u00bb][et_pb_column type=\u00bb4_4&#8243; _builder_version=\u00bb4.16&#8243; custom_padding=\u00bb|||\u00bb global_colors_info=\u00bb{}\u00bb custom_padding__hover=\u00bb|||\u00bb theme_builder_area=\u00bbpost_content\u00bb][et_pb_gallery posts_number=\u00bb40&#8243; show_title_and_caption=\u00bboff\u00bb hover_overlay_color=\u00bbrgba(255,255,255,0.5)\u00bb _builder_version=\u00bb4.27.0&#8243; custom_margin=\u00bb30px||30px\u00bb hover_enabled=\u00bb0&#8243; border_color_all_image=\u00bb#000000&#8243; box_shadow_style_image=\u00bbpreset3&#8243; box_shadow_blur_image=\u00bb5px\u00bb global_colors_info=\u00bb{}\u00bb theme_builder_area=\u00bbpost_content\u00bb gallery_ids=\u00bb10807,10813,10818,10817,10816,10815,10814,10812,10811,10810,10801,10809,10808,10806,10805,10804,10802,8272,10803,10799,10798,10800&#8243; sticky_enabled=\u00bb0&#8243;][\/et_pb_gallery][\/et_pb_column][\/et_pb_row][et_pb_row _builder_version=\u00bb4.27.0&#8243; _module_preset=\u00bbdefault\u00bb column_structure=\u00bb1_2,1_2&#8243; theme_builder_area=\u00bbpost_content\u00bb use_custom_gutter=\u00bbon\u00bb gutter_width=\u00bb4&#8243; make_equal=\u00bbon\u00bb module_alignment=\u00bbcenter\u00bb max_width=\u00bb906px\u00bb max_width_last_edited=\u00bbon|tablet\u00bb hover_enabled=\u00bb0&#8243; sticky_enabled=\u00bb0&#8243; max_width_tablet=\u00bb906px\u00bb max_width_phone=\u00bb906px\u00bb][et_pb_column _builder_version=\u00bb4.27.0&#8243; _module_preset=\u00bbdefault\u00bb type=\u00bb1_2&#8243; theme_builder_area=\u00bbpost_content\u00bb][et_pb_video _builder_version=\u00bb4.27.0&#8243; _module_preset=\u00bbdefault\u00bb theme_builder_area=\u00bbpost_content\u00bb title_text=\u00bbVID-20240922-WA0043&#8243; src=\u00bbhttps:\/\/www.giselagarciagleria.com.ar\/wp-content\/uploads\/2024\/09\/VID-20240922-WA0043.mp4&#8243; hover_enabled=\u00bb0&#8243; sticky_enabled=\u00bb0&#8243;][\/et_pb_video][\/et_pb_column][et_pb_column _builder_version=\u00bb4.27.0&#8243; _module_preset=\u00bbdefault\u00bb type=\u00bb1_2&#8243; theme_builder_area=\u00bbpost_content\u00bb][et_pb_video _builder_version=\u00bb4.27.0&#8243; _module_preset=\u00bbdefault\u00bb theme_builder_area=\u00bbpost_content\u00bb title_text=\u00bbVID-20240922-WA0042&#8243; src=\u00bbhttps:\/\/www.giselagarciagleria.com.ar\/wp-content\/uploads\/2024\/09\/VID-20240922-WA0042.mp4&#8243; hover_enabled=\u00bb0&#8243; sticky_enabled=\u00bb0&#8243; locked=\u00bboff\u00bb][\/et_pb_video][\/et_pb_column][\/et_pb_row][\/et_pb_section][et_pb_section fb_built=\u00bb1&#8243; _builder_version=\u00bb4.16&#8243; _module_preset=\u00bbdefault\u00bb custom_padding=\u00bb0px||0px||true|false\u00bb global_module=\u00bb7387&#8243; saved_tabs=\u00bball\u00bb global_colors_info=\u00bb{}\u00bb theme_builder_area=\u00bbpost_content\u00bb][et_pb_row _builder_version=\u00bb4.16&#8243; _module_preset=\u00bbdefault\u00bb global_colors_info=\u00bb{}\u00bb theme_builder_area=\u00bbpost_content\u00bb][et_pb_column type=\u00bb4_4&#8243; _builder_version=\u00bb4.16&#8243; _module_preset=\u00bbdefault\u00bb global_colors_info=\u00bb{}\u00bb theme_builder_area=\u00bbpost_content\u00bb][et_pb_comments show_count=\u00bboff\u00bb _builder_version=\u00bb4.16&#8243; _module_preset=\u00bbdefault\u00bb global_colors_info=\u00bb{}\u00bb theme_builder_area=\u00bbpost_content\u00bb][\/et_pb_comments][\/et_pb_column][\/et_pb_row][\/et_pb_section]<\/p>\n","protected":false},"excerpt":{"rendered":"<p>Estoy muy feliz de la hermosa noche de apertura de la Exposici\u00f3n de Arte \u00abArtistad\u00bb, donde tuve la oportunidad de estar con mi familia, amigos y muchos grandes artistas, compartiendo un hermoso momento juntos y mostrando el Retrato de Charles MacLean que hice hace cuatro a\u00f1os. Es un placer compartir estos recuerdos con todos ustedes, [&hellip;]<\/p>\n","protected":false},"author":1,"featured_media":10819,"comment_status":"open","ping_status":"open","sticky":false,"template":"","format":"standard","meta":{"_et_pb_use_builder":"on","_et_pb_old_content":"","_et_gb_content_width":"","footnotes":""},"categories":[74],"tags":[],"class_list":["post-10797","post","type-post","status-publish","format-standard","has-post-thumbnail","hentry","category-muestras-colectivas"],"a3_pvc":{"activated":false,"total_views":53,"today_views":2},"_links":{"self":[{"href":"https:\/\/www.giselagarciagleria.com.ar\/en\/wp-json\/wp\/v2\/posts\/10797","targetHints":{"allow":["GET"]}}],"collection":[{"href":"https:\/\/www.giselagarciagleria.com.ar\/en\/wp-json\/wp\/v2\/posts"}],"about":[{"href":"https:\/\/www.giselagarciagleria.com.ar\/en\/wp-json\/wp\/v2\/types\/post"}],"author":[{"embeddable":true,"href":"https:\/\/www.giselagarciagleria.com.ar\/en\/wp-json\/wp\/v2\/users\/1"}],"replies":[{"embeddable":true,"href":"https:\/\/www.giselagarciagleria.com.ar\/en\/wp-json\/wp\/v2\/comments?post=10797"}],"version-history":[{"count":0,"href":"https:\/\/www.giselagarciagleria.com.ar\/en\/wp-json\/wp\/v2\/posts\/10797\/revisions"}],"wp:featuredmedia":[{"embeddable":true,"href":"https:\/\/www.giselagarciagleria.com.ar\/en\/wp-json\/wp\/v2\/media\/10819"}],"wp:attachment":[{"href":"https:\/\/www.giselagarciagleria.com.ar\/en\/wp-json\/wp\/v2\/media?parent=10797"}],"wp:term":[{"taxonomy":"category","embeddable":true,"href":"https:\/\/www.giselagarciagleria.com.ar\/en\/wp-json\/wp\/v2\/categories?post=10797"},{"taxonomy":"post_tag","embeddable":true,"href":"https:\/\/www.giselagarciagleria.com.ar\/en\/wp-json\/wp\/v2\/tags?post=10797"}],"curies":[{"name":"wp","href":"https:\/\/api.w.org\/{rel}","templated":true}]}}