{"id":11826,"date":"2025-04-23T15:11:03","date_gmt":"2025-04-23T18:11:03","guid":{"rendered":"https:\/\/www.giselagarciagleria.com.ar\/?p=11826"},"modified":"2025-04-28T10:41:48","modified_gmt":"2025-04-28T13:41:48","slug":"extranjeria-londres-2025","status":"publish","type":"post","link":"https:\/\/www.giselagarciagleria.com.ar\/en\/extranjeria-londres-2025\/","title":{"rendered":"Extranjeria London 2025"},"content":{"rendered":"<p>[et_pb_section fb_built=\u00bb1&#8243; _builder_version=\u00bb4.16&#8243; global_colors_info=\u00bb{}\u00bb theme_builder_area=\u00bbpost_content\u00bb][et_pb_row _builder_version=\u00bb4.16&#8243; background_size=\u00bbinitial\u00bb background_position=\u00bbtop_left\u00bb background_repeat=\u00bbrepeat\u00bb global_colors_info=\u00bb{}\u00bb theme_builder_area=\u00bbpost_content\u00bb][et_pb_column type=\u00bb4_4&#8243; _builder_version=\u00bb4.16&#8243; custom_padding=\u00bb|||\u00bb global_colors_info=\u00bb{}\u00bb custom_padding__hover=\u00bb|||\u00bb theme_builder_area=\u00bbpost_content\u00bb][et_pb_text _builder_version=\u00bb4.27.4&#8243; text_font_size=\u00bb16px\u00bb text_line_height=\u00bb2em\u00bb header_2_font_size=\u00bb24px\u00bb header_2_line_height=\u00bb3em\u00bb background_size=\u00bbinitial\u00bb background_position=\u00bbtop_left\u00bb background_repeat=\u00bbrepeat\u00bb text_font_size_tablet=\u00bb\u00bb text_font_size_phone=\u00bb14px\u00bb text_font_size_last_edited=\u00bbon|phone\u00bb global_colors_info=\u00bb{}\u00bb theme_builder_area=\u00bbpost_content\u00bb]<\/p>\n<p>Exposici\u00f3n de arte colectiva organizada por Gusta tu Gusto y Capital Culture House, curada por Dar\u00edo Zilberstein y Max Araujo, llevada a cabo en Espacio Gallery (159 Bethal Green Road, London, UK), del 21 al 27 de abril de 2025.<\/p>\n<p>Este proyecto internacional explora el arte contempor\u00e1neo desde lo multicultural, exponiendo obras de artistas de distintas partes del mundo, desarrollando un discurso integral y \u00fanico.<\/p>\n<p>Para esta exposici\u00f3n present\u00e9 mi obra <em><strong>\u00abEl trago del sol naciente\u00bb<\/strong> <\/em>inspirada en una foto de Gerry Fearon. Eleg\u00ed esta pintura de peque\u00f1o formato porque para m\u00ed es un momento detenido en el tiempo, como un rayo futivo del amanecer atrapado en una copa de whisky. Un instante de paz sobrecogedora, de soledad introspectiva y conexi\u00f3n con la naturaleza.<\/p>\n<p>Adem\u00e1s particip\u00e9 en formato virtual con otra obra, <em><strong>\u00abRetrato de Charles MacLean\u00bb<\/strong><\/em>, una pintura que ya se ha transformado en un cl\u00e1sico dentro de mis cuadros. Nacida de una charla con un conocedor de whisky escoc\u00e9s, pintada en Buenos Aires, expuesta en varias oportunidades en galer\u00edas porte\u00f1as, hoy llega a una galer\u00eda del Reino Unido, como un ciclo que empieza a cerrarse, como si fuera un m\u00e1gico ouroborus art\u00edstico.<\/p>\n<p>Extranjer\u00eda Londres es, sin dudas, un viaje de arte, expresado en formas y colores, de m\u00faltiples significados envueltos en alas de creatividad.<\/p>\n<p>&nbsp;<\/p>\n<p>&nbsp;<\/p>\n<p><span style=\"color: #008080;\">21 al 27 de abril de 2025<\/span><br \/><em><strong><span style=\"color: #008080;\">Espacio Gallery<\/span><\/strong><\/em><br \/><span style=\"color: #008080;\">159 Bethal Green Road, London, UK<\/span><\/p>\n<p>[\/et_pb_text][\/et_pb_column][\/et_pb_row][et_pb_row _builder_version=\u00bb4.16&#8243; global_colors_info=\u00bb{}\u00bb theme_builder_area=\u00bbpost_content\u00bb][et_pb_column type=\u00bb4_4&#8243; _builder_version=\u00bb4.16&#8243; custom_padding=\u00bb|||\u00bb global_colors_info=\u00bb{}\u00bb custom_padding__hover=\u00bb|||\u00bb theme_builder_area=\u00bbpost_content\u00bb][deg_elastic_gallery gallery_ids=\u00bb11822,11821,11820,11819,11727&#8243; randomize=\u00bbold\u00bb zoom_icon_color=\u00bb#FFFFFF\u00bb hover_overlay_color=\u00bbrgba(165,69,127,0.46)\u00bb hover_icon=\u00bb&#x54;||divi||400&#8243; image_hover_animation=\u00bbscale-in-center\u00bb _builder_version=\u00bb4.27.4&#8243; _module_preset=\u00bbdefault\u00bb global_colors_info=\u00bb{}\u00bb theme_builder_area=\u00bbpost_content\u00bb][\/deg_elastic_gallery][\/et_pb_column][\/et_pb_row][et_pb_row column_structure=\u00bb1_2,1_2&#8243; make_equal=\u00bbon\u00bb _builder_version=\u00bb4.27.4&#8243; _module_preset=\u00bbdefault\u00bb max_width_tablet=\u00bb906px\u00bb max_width_phone=\u00bb906px\u00bb max_width_last_edited=\u00bbon|tablet\u00bb module_alignment=\u00bbcenter\u00bb global_colors_info=\u00bb{}\u00bb theme_builder_area=\u00bbpost_content\u00bb][et_pb_column type=\u00bb1_2&#8243; _builder_version=\u00bb4.27.0&#8243; _module_preset=\u00bbdefault\u00bb global_colors_info=\u00bb{}\u00bb theme_builder_area=\u00bbpost_content\u00bb][et_pb_image src=\u00bbhttps:\/\/www.giselagarciagleria.com.ar\/wp-content\/uploads\/2025\/03\/El-trago-de-sol-naciente.jpg\u00bb alt=\u00bbEl trago de sol naciente by Gisela Garcia Gleria\u00bb title_text=\u00bbEl trago de sol naciente by Gisela Garcia Gleria\u00bb _builder_version=\u00bb4.27.4&#8243; _module_preset=\u00bbdefault\u00bb global_colors_info=\u00bb{}\u00bb theme_builder_area=\u00bbpost_content\u00bb][\/et_pb_image][\/et_pb_column][et_pb_column type=\u00bb1_2&#8243; _builder_version=\u00bb4.27.0&#8243; _module_preset=\u00bbdefault\u00bb global_colors_info=\u00bb{}\u00bb theme_builder_area=\u00bbpost_content\u00bb][et_pb_image src=\u00bbhttps:\/\/www.giselagarciagleria.com.ar\/wp-content\/uploads\/2020\/11\/Retrato-de-Charles-MacLean.jpg\u00bb alt=\u00bbGisela Garc\u00eda Gleria\u00bb title_text=\u00bbRetrato de Charles MacLean by Gisela Garcia Gleria\u00bb _builder_version=\u00bb4.27.4&#8243; _module_preset=\u00bbdefault\u00bb global_colors_info=\u00bb{}\u00bb theme_builder_area=\u00bbpost_content\u00bb][\/et_pb_image][\/et_pb_column][\/et_pb_row][et_pb_row column_structure=\u00bb1_4,1_4,1_4,1_4&#8243; use_custom_gutter=\u00bbon\u00bb gutter_width=\u00bb4&#8243; make_equal=\u00bbon\u00bb _builder_version=\u00bb4.27.4&#8243; _module_preset=\u00bbdefault\u00bb max_width_tablet=\u00bb906px\u00bb max_width_phone=\u00bb906px\u00bb max_width_last_edited=\u00bbon|tablet\u00bb module_alignment=\u00bbcenter\u00bb global_colors_info=\u00bb{}\u00bb theme_builder_area=\u00bbpost_content\u00bb][et_pb_column type=\u00bb1_4&#8243; _builder_version=\u00bb4.27.0&#8243; _module_preset=\u00bbdefault\u00bb global_colors_info=\u00bb{}\u00bb theme_builder_area=\u00bbpost_content\u00bb][et_pb_video src=\u00bbhttps:\/\/www.giselagarciagleria.com.ar\/wp-content\/uploads\/2025\/04\/Video-promo-Extranjeria-Londres-2025.mp4&#8243; _builder_version=\u00bb4.27.4&#8243; _module_preset=\u00bbdefault\u00bb global_colors_info=\u00bb{}\u00bb theme_builder_area=\u00bbpost_content\u00bb][\/et_pb_video][\/et_pb_column][et_pb_column type=\u00bb1_4&#8243; _builder_version=\u00bb4.27.0&#8243; _module_preset=\u00bbdefault\u00bb global_colors_info=\u00bb{}\u00bb theme_builder_area=\u00bbpost_content\u00bb][et_pb_video src=\u00bbhttps:\/\/www.giselagarciagleria.com.ar\/wp-content\/uploads\/2025\/04\/Video-obras-Gisela-Extranjeria-Londres.mp4&#8243; _builder_version=\u00bb4.27.4&#8243; _module_preset=\u00bbdefault\u00bb hover_enabled=\u00bb0&#8243; locked=\u00bboff\u00bb global_colors_info=\u00bb{}\u00bb theme_builder_area=\u00bbpost_content\u00bb sticky_enabled=\u00bb0&#8243;][\/et_pb_video][\/et_pb_column][et_pb_column type=\u00bb1_4&#8243; _builder_version=\u00bb4.27.0&#8243; _module_preset=\u00bbdefault\u00bb global_colors_info=\u00bb{}\u00bb theme_builder_area=\u00bbpost_content\u00bb][et_pb_video src=\u00bbhttps:\/\/www.giselagarciagleria.com.ar\/wp-content\/uploads\/2025\/04\/Video-Retrato-de-Charles-MacLean-Gisela-Garcia-Gleria.mp4&#8243; _builder_version=\u00bb4.27.4&#8243; _module_preset=\u00bbdefault\u00bb locked=\u00bboff\u00bb global_colors_info=\u00bb{}\u00bb theme_builder_area=\u00bbpost_content\u00bb][\/et_pb_video][\/et_pb_column][et_pb_column type=\u00bb1_4&#8243; _builder_version=\u00bb4.27.0&#8243; _module_preset=\u00bbdefault\u00bb global_colors_info=\u00bb{}\u00bb theme_builder_area=\u00bbpost_content\u00bb][et_pb_video _builder_version=\u00bb4.27.4&#8243; _module_preset=\u00bbdefault\u00bb hover_enabled=\u00bb0&#8243; locked=\u00bboff\u00bb global_colors_info=\u00bb{}\u00bb theme_builder_area=\u00bbpost_content\u00bb title_text=\u00bbflyer 2&#8243; src=\u00bbhttps:\/\/www.giselagarciagleria.com.ar\/wp-content\/uploads\/2025\/04\/Extranjeria-London-2025.mp4&#8243; sticky_enabled=\u00bb0&#8243; image_src=\u00bbhttps:\/\/www.giselagarciagleria.com.ar\/wp-content\/uploads\/2025\/04\/flyer-2.jpg\u00bb][\/et_pb_video][\/et_pb_column][\/et_pb_row][\/et_pb_section][et_pb_section fb_built=\u00bb1&#8243; _builder_version=\u00bb4.16&#8243; _module_preset=\u00bbdefault\u00bb custom_padding=\u00bb0px||0px||true|false\u00bb global_module=\u00bb7387&#8243; saved_tabs=\u00bball\u00bb global_colors_info=\u00bb{}\u00bb theme_builder_area=\u00bbpost_content\u00bb][et_pb_row _builder_version=\u00bb4.16&#8243; _module_preset=\u00bbdefault\u00bb global_colors_info=\u00bb{}\u00bb theme_builder_area=\u00bbpost_content\u00bb][et_pb_column type=\u00bb4_4&#8243; _builder_version=\u00bb4.16&#8243; _module_preset=\u00bbdefault\u00bb global_colors_info=\u00bb{}\u00bb theme_builder_area=\u00bbpost_content\u00bb][et_pb_comments show_count=\u00bboff\u00bb _builder_version=\u00bb4.16&#8243; _module_preset=\u00bbdefault\u00bb global_colors_info=\u00bb{}\u00bb theme_builder_area=\u00bbpost_content\u00bb][\/et_pb_comments][\/et_pb_column][\/et_pb_row][\/et_pb_section]<\/p>\n","protected":false},"excerpt":{"rendered":"<p>Exposici\u00f3n de arte colectiva organizada por Gusta tu Gusto y Capital Culture House, curada por Dar\u00edo Zilberstein y Max Araujo, llevada a cabo en Espacio Gallery (159 Bethal Green Road, London, UK), del 21 al 27 de abril de 2025. Este proyecto internacional explora el arte contempor\u00e1neo desde lo multicultural, exponiendo obras de artistas de [&hellip;]<\/p>\n","protected":false},"author":1,"featured_media":11818,"comment_status":"open","ping_status":"open","sticky":false,"template":"","format":"standard","meta":{"_et_pb_use_builder":"on","_et_pb_old_content":"","_et_gb_content_width":"","footnotes":""},"categories":[74],"tags":[],"class_list":["post-11826","post","type-post","status-publish","format-standard","has-post-thumbnail","hentry","category-muestras-colectivas"],"a3_pvc":{"activated":false,"total_views":87,"today_views":0},"_links":{"self":[{"href":"https:\/\/www.giselagarciagleria.com.ar\/en\/wp-json\/wp\/v2\/posts\/11826","targetHints":{"allow":["GET"]}}],"collection":[{"href":"https:\/\/www.giselagarciagleria.com.ar\/en\/wp-json\/wp\/v2\/posts"}],"about":[{"href":"https:\/\/www.giselagarciagleria.com.ar\/en\/wp-json\/wp\/v2\/types\/post"}],"author":[{"embeddable":true,"href":"https:\/\/www.giselagarciagleria.com.ar\/en\/wp-json\/wp\/v2\/users\/1"}],"replies":[{"embeddable":true,"href":"https:\/\/www.giselagarciagleria.com.ar\/en\/wp-json\/wp\/v2\/comments?post=11826"}],"version-history":[{"count":5,"href":"https:\/\/www.giselagarciagleria.com.ar\/en\/wp-json\/wp\/v2\/posts\/11826\/revisions"}],"predecessor-version":[{"id":11841,"href":"https:\/\/www.giselagarciagleria.com.ar\/en\/wp-json\/wp\/v2\/posts\/11826\/revisions\/11841"}],"wp:featuredmedia":[{"embeddable":true,"href":"https:\/\/www.giselagarciagleria.com.ar\/en\/wp-json\/wp\/v2\/media\/11818"}],"wp:attachment":[{"href":"https:\/\/www.giselagarciagleria.com.ar\/en\/wp-json\/wp\/v2\/media?parent=11826"}],"wp:term":[{"taxonomy":"category","embeddable":true,"href":"https:\/\/www.giselagarciagleria.com.ar\/en\/wp-json\/wp\/v2\/categories?post=11826"},{"taxonomy":"post_tag","embeddable":true,"href":"https:\/\/www.giselagarciagleria.com.ar\/en\/wp-json\/wp\/v2\/tags?post=11826"}],"curies":[{"name":"wp","href":"https:\/\/api.w.org\/{rel}","templated":true}]}}