{"id":11963,"date":"2025-06-15T10:55:51","date_gmt":"2025-06-15T13:55:51","guid":{"rendered":"https:\/\/www.giselagarciagleria.com.ar\/?p=11963"},"modified":"2025-06-15T11:07:29","modified_gmt":"2025-06-15T14:07:29","slug":"gestionarte-palacio-barolo-2025","status":"publish","type":"post","link":"https:\/\/www.giselagarciagleria.com.ar\/en\/gestionarte-palacio-barolo-2025\/","title":{"rendered":"GestionArte Palacio Barolo 2025"},"content":{"rendered":"<p>[et_pb_section fb_built=\u00bb1&#8243; _builder_version=\u00bb4.16&#8243; global_colors_info=\u00bb{}\u00bb theme_builder_area=\u00bbpost_content\u00bb][et_pb_row _builder_version=\u00bb4.16&#8243; background_size=\u00bbinitial\u00bb background_position=\u00bbtop_left\u00bb background_repeat=\u00bbrepeat\u00bb global_colors_info=\u00bb{}\u00bb theme_builder_area=\u00bbpost_content\u00bb][et_pb_column type=\u00bb4_4&#8243; _builder_version=\u00bb4.16&#8243; custom_padding=\u00bb|||\u00bb global_colors_info=\u00bb{}\u00bb custom_padding__hover=\u00bb|||\u00bb theme_builder_area=\u00bbpost_content\u00bb][et_pb_text _builder_version=\u00bb4.27.4&#8243; text_font_size=\u00bb16px\u00bb text_line_height=\u00bb2em\u00bb header_2_font_size=\u00bb24px\u00bb header_2_line_height=\u00bb3em\u00bb background_size=\u00bbinitial\u00bb background_position=\u00bbtop_left\u00bb background_repeat=\u00bbrepeat\u00bb hover_enabled=\u00bb0&#8243; text_font_size_tablet=\u00bb\u00bb text_font_size_phone=\u00bb14px\u00bb text_font_size_last_edited=\u00bbon|phone\u00bb global_colors_info=\u00bb{}\u00bb theme_builder_area=\u00bbpost_content\u00bb sticky_enabled=\u00bb0&#8243;]<\/p>\n<p>El jueves 12 de junio de 2025 se llev\u00f3 a cabo la Vernissage de la Exposici\u00f3n de Arte Colectiva del mes de junio organizada por la Galer\u00eda GestionArte, en el Palacio Barolo de Buenos Aires.<\/p>\n<p>Fui invitada por el sommelier y fot\u00f3grafo Ennio Daniel Ayosa para exhibir mi pintura <em><strong>\u00abBaco &amp; Minerva\u00bb<\/strong> <\/em>junto a la fotograf\u00eda de su autor\u00eda que me inspir\u00f3 para realizar la obra. Este cuadro fue pintado en vivo con vino, acr\u00edlico y carbonilla, en el marco de la inauguraci\u00f3n de la exposici\u00f3n hom\u00f3nima de la Galer\u00eda Gusta tu Gusto, donde ambos participamos exponiendo obra.<\/p>\n<p>Compartir el espacio de exposici\u00f3n con tantos excelentes artistas y con un p\u00fablico tan c\u00e1lido siempre es un motivo de celebraci\u00f3n, m\u00e1s a\u00fan en un espacio tan ic\u00f3nico como el que nos alberg\u00f3<\/p>\n<p><a href=\"https:\/\/www.giselagarciagleria.com.ar\/wp-content\/uploads\/2025\/04\/Baco-Minerva.jpg\"><img loading=\"lazy\" decoding=\"async\" src=\"https:\/\/www.giselagarciagleria.com.ar\/wp-content\/uploads\/2025\/04\/Baco-Minerva-224x300.jpg\" width=\"224\" height=\"300\" alt=\"Baco &amp; Minerva by Gisela Garc\u00eda Gleria\" class=\"wp-image-11601 alignnone size-medium\" \/><\/a><\/p>\n<p>&nbsp;<\/p>\n<p>&nbsp;<\/p>\n<p><span style=\"color: #008080;\">12 de junio de 2025<\/span><br \/><span style=\"color: #008080;\"><em><strong>Galer\u00eda GestionArte Palacio Barolo<\/strong><\/em><\/span><br \/><span style=\"color: #008080;\">Av. de mayo 1370, Buenos Aires\u00a0 Argentina<\/span><\/p>\n<p>[\/et_pb_text][\/et_pb_column][\/et_pb_row][et_pb_row _builder_version=\u00bb4.16&#8243; global_colors_info=\u00bb{}\u00bb theme_builder_area=\u00bbpost_content\u00bb][et_pb_column type=\u00bb4_4&#8243; _builder_version=\u00bb4.16&#8243; custom_padding=\u00bb|||\u00bb global_colors_info=\u00bb{}\u00bb custom_padding__hover=\u00bb|||\u00bb theme_builder_area=\u00bbpost_content\u00bb][deg_elastic_gallery randomize=\u00bbon\u00bb zoom_icon_color=\u00bb#FFFFFF\u00bb hover_overlay_color=\u00bbrgba(165,69,127,0.46)\u00bb hover_icon=\u00bb&#x54;||divi||400&#8243; image_hover_animation=\u00bbscale-in-center\u00bb _builder_version=\u00bb4.27.4&#8243; _module_preset=\u00bbdefault\u00bb hover_enabled=\u00bb0&#8243; global_colors_info=\u00bb{}\u00bb theme_builder_area=\u00bbpost_content\u00bb gallery_ids=\u00bb11990,11989,11988,11987,11986,11985,11984,11983,11982,11980,11979,11978,11977,11976,11975,11974,11973,11972,11971,11970,11969,11968,11967,11966,11965&#8243; sticky_enabled=\u00bb0&#8243;][\/deg_elastic_gallery][\/et_pb_column][\/et_pb_row][et_pb_row make_equal=\u00bbon\u00bb _builder_version=\u00bb4.27.4&#8243; _module_preset=\u00bbdefault\u00bb max_width_tablet=\u00bb906px\u00bb max_width_phone=\u00bb906px\u00bb max_width_last_edited=\u00bbon|tablet\u00bb module_alignment=\u00bbcenter\u00bb global_colors_info=\u00bb{}\u00bb theme_builder_area=\u00bbpost_content\u00bb][et_pb_column type=\u00bb4_4&#8243; _builder_version=\u00bb4.27.0&#8243; _module_preset=\u00bbdefault\u00bb global_colors_info=\u00bb{}\u00bb theme_builder_area=\u00bbpost_content\u00bb][et_pb_video _builder_version=\u00bb4.27.4&#8243; _module_preset=\u00bbdefault\u00bb theme_builder_area=\u00bbpost_content\u00bb title_text=\u00bbVideo barolo 2025&#8243; src=\u00bbhttps:\/\/www.giselagarciagleria.com.ar\/wp-content\/uploads\/2025\/06\/Video-barolo-2025.mp4&#8243; module_alignment=\u00bbcenter\u00bb width=\u00bb25%\u00bb width_last_edited=\u00bbon|phone\u00bb hover_enabled=\u00bb0&#8243; sticky_enabled=\u00bb0&#8243; width_tablet=\u00bb63%\u00bb width_phone=\u00bb63%\u00bb][\/et_pb_video][\/et_pb_column][\/et_pb_row][\/et_pb_section][et_pb_section fb_built=\u00bb1&#8243; _builder_version=\u00bb4.16&#8243; _module_preset=\u00bbdefault\u00bb custom_padding=\u00bb0px||0px||true|false\u00bb global_module=\u00bb7387&#8243; saved_tabs=\u00bball\u00bb global_colors_info=\u00bb{}\u00bb theme_builder_area=\u00bbpost_content\u00bb][et_pb_row _builder_version=\u00bb4.16&#8243; _module_preset=\u00bbdefault\u00bb global_colors_info=\u00bb{}\u00bb theme_builder_area=\u00bbpost_content\u00bb][et_pb_column type=\u00bb4_4&#8243; _builder_version=\u00bb4.16&#8243; _module_preset=\u00bbdefault\u00bb global_colors_info=\u00bb{}\u00bb theme_builder_area=\u00bbpost_content\u00bb][et_pb_comments show_count=\u00bboff\u00bb _builder_version=\u00bb4.16&#8243; _module_preset=\u00bbdefault\u00bb global_colors_info=\u00bb{}\u00bb theme_builder_area=\u00bbpost_content\u00bb][\/et_pb_comments][\/et_pb_column][\/et_pb_row][\/et_pb_section]<\/p>\n","protected":false},"excerpt":{"rendered":"<p>El jueves 12 de junio de 2025 se llev\u00f3 a cabo la Vernissage de la Exposici\u00f3n de Arte Colectiva del mes de junio organizada por la Galer\u00eda GestionArte, en el Palacio Barolo de Buenos Aires. Fui invitada por el sommelier y fot\u00f3grafo Ennio Daniel Ayosa para exhibir mi pintura \u00abBaco &amp; Minerva\u00bb junto a la [&hellip;]<\/p>\n","protected":false},"author":1,"featured_media":11964,"comment_status":"open","ping_status":"open","sticky":false,"template":"","format":"standard","meta":{"_et_pb_use_builder":"on","_et_pb_old_content":"","_et_gb_content_width":"","footnotes":""},"categories":[74],"tags":[],"class_list":["post-11963","post","type-post","status-publish","format-standard","has-post-thumbnail","hentry","category-muestras-colectivas"],"a3_pvc":{"activated":false,"total_views":60,"today_views":0},"_links":{"self":[{"href":"https:\/\/www.giselagarciagleria.com.ar\/en\/wp-json\/wp\/v2\/posts\/11963","targetHints":{"allow":["GET"]}}],"collection":[{"href":"https:\/\/www.giselagarciagleria.com.ar\/en\/wp-json\/wp\/v2\/posts"}],"about":[{"href":"https:\/\/www.giselagarciagleria.com.ar\/en\/wp-json\/wp\/v2\/types\/post"}],"author":[{"embeddable":true,"href":"https:\/\/www.giselagarciagleria.com.ar\/en\/wp-json\/wp\/v2\/users\/1"}],"replies":[{"embeddable":true,"href":"https:\/\/www.giselagarciagleria.com.ar\/en\/wp-json\/wp\/v2\/comments?post=11963"}],"version-history":[{"count":4,"href":"https:\/\/www.giselagarciagleria.com.ar\/en\/wp-json\/wp\/v2\/posts\/11963\/revisions"}],"predecessor-version":[{"id":11996,"href":"https:\/\/www.giselagarciagleria.com.ar\/en\/wp-json\/wp\/v2\/posts\/11963\/revisions\/11996"}],"wp:featuredmedia":[{"embeddable":true,"href":"https:\/\/www.giselagarciagleria.com.ar\/en\/wp-json\/wp\/v2\/media\/11964"}],"wp:attachment":[{"href":"https:\/\/www.giselagarciagleria.com.ar\/en\/wp-json\/wp\/v2\/media?parent=11963"}],"wp:term":[{"taxonomy":"category","embeddable":true,"href":"https:\/\/www.giselagarciagleria.com.ar\/en\/wp-json\/wp\/v2\/categories?post=11963"},{"taxonomy":"post_tag","embeddable":true,"href":"https:\/\/www.giselagarciagleria.com.ar\/en\/wp-json\/wp\/v2\/tags?post=11963"}],"curies":[{"name":"wp","href":"https:\/\/api.w.org\/{rel}","templated":true}]}}