{"id":12019,"date":"2025-07-24T14:19:53","date_gmt":"2025-07-24T17:19:53","guid":{"rendered":"https:\/\/www.giselagarciagleria.com.ar\/?p=12019"},"modified":"2025-07-24T14:35:25","modified_gmt":"2025-07-24T17:35:25","slug":"artistad-2","status":"publish","type":"post","link":"https:\/\/www.giselagarciagleria.com.ar\/en\/artistad-2\/","title":{"rendered":"Artistad 2"},"content":{"rendered":"<p>[et_pb_section fb_built=\u00bb1&#8243; _builder_version=\u00bb4.16&#8243; global_colors_info=\u00bb{}\u00bb theme_builder_area=\u00bbpost_content\u00bb][et_pb_row _builder_version=\u00bb4.16&#8243; background_size=\u00bbinitial\u00bb background_position=\u00bbtop_left\u00bb background_repeat=\u00bbrepeat\u00bb global_colors_info=\u00bb{}\u00bb theme_builder_area=\u00bbpost_content\u00bb][et_pb_column type=\u00bb4_4&#8243; _builder_version=\u00bb4.16&#8243; custom_padding=\u00bb|||\u00bb global_colors_info=\u00bb{}\u00bb custom_padding__hover=\u00bb|||\u00bb theme_builder_area=\u00bbpost_content\u00bb][et_pb_text _builder_version=\u00bb4.27.4&#8243; text_font_size=\u00bb16px\u00bb text_line_height=\u00bb2em\u00bb header_2_font_size=\u00bb24px\u00bb header_2_line_height=\u00bb3em\u00bb background_size=\u00bbinitial\u00bb background_position=\u00bbtop_left\u00bb background_repeat=\u00bbrepeat\u00bb text_font_size_tablet=\u00bb\u00bb text_font_size_phone=\u00bb14px\u00bb text_font_size_last_edited=\u00bbon|phone\u00bb global_colors_info=\u00bb{}\u00bb theme_builder_area=\u00bbpost_content\u00bb]<\/p>\n<p>El s\u00e1bado 19 de julio de 2025 se llev\u00f3 a cabo la inauguraci\u00f3n de la Exposici\u00f3n de Arte Colectiva <strong>\u00abArtistad 2\u00bb<\/strong> en la Galer\u00eda \u00abGusta tu Gusto\u00bb<\/p>\n<p>Organizada por Dar\u00edo Zilberstein junto a Vivi Berthet, Bibiana Rojas y Laura Poceiro en la curadur\u00eda, la exposici\u00f3n fue una gala de expresiones muy variadas en estilos, t\u00e9cnicas y tem\u00e1ticas, donde los artistas deleitaron al p\u00fablico con sus obras, en una armoniosa convivencia art\u00edstica y un interesante di\u00e1logo est\u00e9tico.<\/p>\n<p>En esta oportunidad present\u00e9 mi obra<strong><em> \u00abKair\u00f3s\u00bb<\/em><\/strong>, que representa la forma en que me siento en este momento. Un instante, un aqu\u00ed y ahora que se adentra en las profundidades de mi alma, un teimpo de renacimiento y contemplaci\u00f3n.<\/p>\n<p>Fue una noche de encuentro con grandes artistas, amigos y familia, donde el arte fue protagonista y testigo de un festejo m\u00e1s del D\u00eda del Amigo en un lugar muy querido y especial.<\/p>\n<p>&nbsp;<\/p>\n<p><span style=\"color: #993366;\"><em><\/em><\/span><\/p>\n<p><a href=\"https:\/\/www.giselagarciagleria.com.ar\/wp-content\/uploads\/2025\/07\/Kairos-01.png\"><img loading=\"lazy\" decoding=\"async\" src=\"https:\/\/www.giselagarciagleria.com.ar\/wp-content\/uploads\/2025\/07\/Kairos-01-223x300.png\" width=\"223\" height=\"300\" alt=\"Kair\u00f3s by Gisela Garcia Gleria\" class=\"wp-image-12004 alignnone size-medium\" \/><\/a><\/p>\n<p>T\u00edtulo: <strong>Kair\u00f3s<\/strong><br \/>Serie: Fuera de Series<br \/>T\u00e9cnica: Acr\u00edlico sobre tela<br \/>Medidas: 60 x 80cm<br \/>A\u00f1o: 2025<\/p>\n<p>&nbsp;<\/p>\n<p>&nbsp;<\/p>\n<p><span style=\"color: #008080;\">\u00a019 al 26 de julio de 2025<\/span><br \/><em><strong><span style=\"color: #008080;\">Gusta tu gusto &#8211; Espacio de arte<\/span><\/strong><\/em><br \/><span style=\"color: #008080;\">Chile 2364. Buenos Aires, Argentina<\/span><\/p>\n<p>[\/et_pb_text][\/et_pb_column][\/et_pb_row][et_pb_row _builder_version=\u00bb4.16&#8243; global_colors_info=\u00bb{}\u00bb theme_builder_area=\u00bbpost_content\u00bb][et_pb_column type=\u00bb4_4&#8243; _builder_version=\u00bb4.16&#8243; custom_padding=\u00bb|||\u00bb global_colors_info=\u00bb{}\u00bb custom_padding__hover=\u00bb|||\u00bb theme_builder_area=\u00bbpost_content\u00bb][deg_elastic_gallery gallery_ids=\u00bb12023,12024,12025,12026,12027,12028,12029,12030,12031,12032,12033,12034,12035,12036,12037,12038,12039&#8243; zoom_icon_color=\u00bb#FFFFFF\u00bb hover_overlay_color=\u00bbrgba(165,69,127,0.46)\u00bb hover_icon=\u00bb&#x54;||divi||400&#8243; image_hover_animation=\u00bbscale-in-center\u00bb _builder_version=\u00bb4.27.4&#8243; _module_preset=\u00bbdefault\u00bb global_colors_info=\u00bb{}\u00bb theme_builder_area=\u00bbpost_content\u00bb][\/deg_elastic_gallery][\/et_pb_column][\/et_pb_row][\/et_pb_section][et_pb_section fb_built=\u00bb1&#8243; _builder_version=\u00bb4.16&#8243; _module_preset=\u00bbdefault\u00bb custom_padding=\u00bb0px||0px||true|false\u00bb global_module=\u00bb7387&#8243; saved_tabs=\u00bball\u00bb global_colors_info=\u00bb{}\u00bb theme_builder_area=\u00bbpost_content\u00bb][et_pb_row _builder_version=\u00bb4.16&#8243; _module_preset=\u00bbdefault\u00bb global_colors_info=\u00bb{}\u00bb theme_builder_area=\u00bbpost_content\u00bb][et_pb_column type=\u00bb4_4&#8243; _builder_version=\u00bb4.16&#8243; _module_preset=\u00bbdefault\u00bb global_colors_info=\u00bb{}\u00bb theme_builder_area=\u00bbpost_content\u00bb][et_pb_comments show_count=\u00bboff\u00bb _builder_version=\u00bb4.16&#8243; _module_preset=\u00bbdefault\u00bb global_colors_info=\u00bb{}\u00bb theme_builder_area=\u00bbpost_content\u00bb][\/et_pb_comments][\/et_pb_column][\/et_pb_row][\/et_pb_section]<\/p>\n","protected":false},"excerpt":{"rendered":"<p>Artistad 2 Exposicion colectiva de arte organizada por Dar\u00edo Zilberstein junto a Vivi Berthet, Bibiana Rojas y Laura Poceiro en la curadur\u00eda, la exposici\u00f3n fue una gala de expresiones muy variadas en estilos, t\u00e9cnicas y tem\u00e1ticas, donde los artistas deleitaron al p\u00fablico con sus obras, en una armoniosa convivencia art\u00edstica y un interesante di\u00e1logo est\u00e9tico.<\/p>\n<p class=\"translation-block\">This time I presented my work <strong><em>\"Kair\u00f3s\"<\/em><\/strong>, which represents how I feel at this moment. An instant, a here and now that delves into the depths of my soul, a time of rebirth and contemplation.<\/p>","protected":false},"author":1,"featured_media":12020,"comment_status":"open","ping_status":"open","sticky":false,"template":"","format":"standard","meta":{"_et_pb_use_builder":"on","_et_pb_old_content":"","_et_gb_content_width":"","footnotes":""},"categories":[74],"tags":[],"class_list":["post-12019","post","type-post","status-publish","format-standard","has-post-thumbnail","hentry","category-muestras-colectivas"],"a3_pvc":{"activated":false,"total_views":46,"today_views":0},"_links":{"self":[{"href":"https:\/\/www.giselagarciagleria.com.ar\/en\/wp-json\/wp\/v2\/posts\/12019","targetHints":{"allow":["GET"]}}],"collection":[{"href":"https:\/\/www.giselagarciagleria.com.ar\/en\/wp-json\/wp\/v2\/posts"}],"about":[{"href":"https:\/\/www.giselagarciagleria.com.ar\/en\/wp-json\/wp\/v2\/types\/post"}],"author":[{"embeddable":true,"href":"https:\/\/www.giselagarciagleria.com.ar\/en\/wp-json\/wp\/v2\/users\/1"}],"replies":[{"embeddable":true,"href":"https:\/\/www.giselagarciagleria.com.ar\/en\/wp-json\/wp\/v2\/comments?post=12019"}],"version-history":[{"count":3,"href":"https:\/\/www.giselagarciagleria.com.ar\/en\/wp-json\/wp\/v2\/posts\/12019\/revisions"}],"predecessor-version":[{"id":12041,"href":"https:\/\/www.giselagarciagleria.com.ar\/en\/wp-json\/wp\/v2\/posts\/12019\/revisions\/12041"}],"wp:featuredmedia":[{"embeddable":true,"href":"https:\/\/www.giselagarciagleria.com.ar\/en\/wp-json\/wp\/v2\/media\/12020"}],"wp:attachment":[{"href":"https:\/\/www.giselagarciagleria.com.ar\/en\/wp-json\/wp\/v2\/media?parent=12019"}],"wp:term":[{"taxonomy":"category","embeddable":true,"href":"https:\/\/www.giselagarciagleria.com.ar\/en\/wp-json\/wp\/v2\/categories?post=12019"},{"taxonomy":"post_tag","embeddable":true,"href":"https:\/\/www.giselagarciagleria.com.ar\/en\/wp-json\/wp\/v2\/tags?post=12019"}],"curies":[{"name":"wp","href":"https:\/\/api.w.org\/{rel}","templated":true}]}}