{"id":7318,"date":"2004-06-13T12:33:15","date_gmt":"2004-06-13T15:33:15","guid":{"rendered":"https:\/\/www.giselagarciagleria.com.ar\/?p=7318"},"modified":"2026-02-08T19:45:52","modified_gmt":"2026-02-08T22:45:52","slug":"los-grandes-y-sus-raices","status":"publish","type":"post","link":"https:\/\/www.giselagarciagleria.com.ar\/en\/los-grandes-y-sus-raices\/","title":{"rendered":"The Greats and their Roots"},"content":{"rendered":"<p>[et_pb_section fb_built=\u00bb1&#8243; _builder_version=\u00bb4.5.3&#8243; custom_padding=\u00bb10px||10px||true|false\u00bb][et_pb_row _builder_version=\u00bb3.25&#8243; background_size=\u00bbinitial\u00bb background_position=\u00bbtop_left\u00bb background_repeat=\u00bbrepeat\u00bb][et_pb_column type=\u00bb4_4&#8243; _builder_version=\u00bb3.25&#8243; custom_padding=\u00bb|||\u00bb custom_padding__hover=\u00bb|||\u00bb][et_pb_text _builder_version=\u00bb4.5.6&#8243; text_font_size=\u00bb16px\u00bb text_line_height=\u00bb2em\u00bb background_size=\u00bbinitial\u00bb background_position=\u00bbtop_left\u00bb background_repeat=\u00bbrepeat\u00bb hover_enabled=\u00bb0&#8243; text_font_size_tablet=\u00bb\u00bb text_font_size_phone=\u00bb14px\u00bb text_font_size_last_edited=\u00bbon|phone\u00bb]<\/p>\n<p>En el a\u00f1o 2004 se realiz\u00f3 un homenaje a nuestros artistas, reconociendo la trayectoria profesional de grandes actores, escritores, m\u00fasicos y artistas pl\u00e1sticos, descendientes de distintas comunidades de inmigrantes, que descollaron en su carrera art\u00edstica y dejaron los cimientos para que las generaciones siguientes pudieran continuar su labor.<\/p>\n<p>En ese contexto me fue encargada, junto a otra artista, la creaci\u00f3n y confecci\u00f3n de un gran tel\u00f3n de fondo de 28 x 8 metros, donde estuvieran representadas las comunidades de inmigrantes y los artistas m\u00e1s destacados del siglo XX.<\/p>\n<p>Fue un desaf\u00edo enorme, pero que logramos llevar a cabo de principio a fin en 5 d\u00edas, trabajando sin descanso durante m\u00e1s de 10 horas diarias.<\/p>\n<p>Ha sido una gran satisfacci\u00f3n poder ver concretada esta obra y disfrutar del hermoso espect\u00e1culo que brindaron excelentes artistas de diferentes disciplinas.<\/p>\n<p>El espect\u00e1culo de m\u00fasica y danza fue organizado por el Gobierno de la CIudad de Buenos Aires y se realiz\u00f3 a total beneficio de la Casa del Teatro y la Fundaci\u00f3n Favaloro.<\/p>\n<p><strong><span style=\"color: #666699;\"><\/span><\/strong><\/p>\n<p><strong><span style=\"color: #666699;\"><\/span><\/strong><\/p>\n<p><strong><span style=\"color: #666699;\">Centro Municipal de Exposiciones<\/span><\/strong><br \/><span style=\"color: #666699;\">Av. Presidente Figueroa Alcorta 2099, Buenos Aires, Argentina<\/span><\/p>\n<p><span style=\"color: #666699;\">13 de junio de 2004<\/span><\/p>\n<p><em>\u00a0<\/em><\/p>\n<p>[\/et_pb_text][\/et_pb_column][\/et_pb_row][et_pb_row _builder_version=\u00bb3.25&#8243;][et_pb_column type=\u00bb4_4&#8243; _builder_version=\u00bb3.25&#8243; custom_padding=\u00bb|||\u00bb custom_padding__hover=\u00bb|||\u00bb][et_pb_gallery gallery_ids=\u00bb7322,7323,7324,7325,7326,7327,7328,7329,7330&#8243; posts_number=\u00bb20&#8243; show_title_and_caption=\u00bboff\u00bb hover_overlay_color=\u00bbrgba(255,255,255,0.5)\u00bb _builder_version=\u00bb4.5.3&#8243; custom_margin=\u00bb30px||30px\u00bb border_color_all_image=\u00bb#000000&#8243; box_shadow_style_image=\u00bbpreset3&#8243; box_shadow_blur_image=\u00bb5px\u00bb][\/et_pb_gallery][\/et_pb_column][\/et_pb_row][\/et_pb_section][et_pb_section fb_built=\u00bb1&#8243; _builder_version=\u00bb4.5.3&#8243; _module_preset=\u00bbdefault\u00bb custom_padding=\u00bb0px||0px||true|false\u00bb global_module=\u00bb7387&#8243; saved_tabs=\u00bball\u00bb][et_pb_row _builder_version=\u00bb4.5.3&#8243; _module_preset=\u00bbdefault\u00bb][et_pb_column type=\u00bb4_4&#8243; _builder_version=\u00bb4.5.3&#8243; _module_preset=\u00bbdefault\u00bb][et_pb_post_nav _builder_version=\u00bb4.5.3&#8243; _module_preset=\u00bbdefault\u00bb title_font=\u00bb|600|||||||\u00bb title_font_size=\u00bb15px\u00bb custom_padding=\u00bb10px||10px||true|false\u00bb title_font_size_tablet=\u00bb\u00bb title_font_size_phone=\u00bb12px\u00bb title_font_size_last_edited=\u00bbon|desktop\u00bb border_width_top=\u00bb2px\u00bb border_color_top=\u00bb#88c4dd\u00bb][\/et_pb_post_nav][et_pb_text _builder_version=\u00bb4.5.3&#8243; _module_preset=\u00bbdefault\u00bb header_2_font=\u00bb|600|||||||\u00bb custom_padding=\u00bb||30px||false|false\u00bb custom_padding_tablet=\u00bb||20px||false|false\u00bb custom_padding_phone=\u00bb||10px||false|false\u00bb custom_padding_last_edited=\u00bbon|tablet\u00bb header_2_font_size_tablet=\u00bb22px\u00bb header_2_font_size_phone=\u00bb18px\u00bb header_2_font_size_last_edited=\u00bbon|phone\u00bb]<\/p>\n<h2>Temas relacionados<\/h2>\n<p>[\/et_pb_text][et_pb_blog fullwidth=\u00bboff\u00bb include_categories=\u00bbcurrent\u00bb show_more=\u00bbon\u00bb use_overlay=\u00bbon\u00bb hover_overlay_color=\u00bbrgba(0,0,0,0.25)\u00bb _builder_version=\u00bb4.5.3&#8243; _module_preset=\u00bbdefault\u00bb header_line_height=\u00bb1.6em\u00bb meta_font=\u00bb||on||||||\u00bb meta_text_color=\u00bb#0c71c3&#8243; meta_font_size=\u00bb12px\u00bb read_more_font=\u00bb|600|on||||||\u00bb read_more_text_color=\u00bb#a5457f\u00bb box_shadow_style=\u00bbpreset3&#8243; box_shadow_vertical=\u00bb9px\u00bb box_shadow_blur=\u00bb9px\u00bb][\/et_pb_blog][\/et_pb_column][\/et_pb_row][et_pb_row _builder_version=\u00bb4.5.3&#8243; _module_preset=\u00bbdefault\u00bb][et_pb_column type=\u00bb4_4&#8243; _builder_version=\u00bb4.5.3&#8243; _module_preset=\u00bbdefault\u00bb][et_pb_comments show_count=\u00bboff\u00bb _builder_version=\u00bb4.5.3&#8243; _module_preset=\u00bbdefault\u00bb][\/et_pb_comments][\/et_pb_column][\/et_pb_row][\/et_pb_section]<\/p>\n","protected":false},"excerpt":{"rendered":"<p>En el a\u00f1o 2004 se realiz\u00f3 un homenaje a nuestros artistas, reconociendo la trayectoria profesional de grandes actores, escritores, m\u00fasicos y artistas pl\u00e1sticos, descendientes de distintas comunidades de inmigrantes, que descollaron en su carrera art\u00edstica y dejaron los cimientos para que las generaciones siguientes pudieran continuar su labor. En ese contexto me fue encargada, junto [&hellip;]<\/p>\n","protected":false},"author":1,"featured_media":7324,"comment_status":"closed","ping_status":"open","sticky":false,"template":"","format":"standard","meta":{"_et_pb_use_builder":"on","_et_pb_old_content":"","_et_gb_content_width":"","footnotes":""},"categories":[74],"tags":[],"class_list":["post-7318","post","type-post","status-publish","format-standard","has-post-thumbnail","hentry","category-muestras-colectivas"],"a3_pvc":{"activated":false,"total_views":40,"today_views":0},"_links":{"self":[{"href":"https:\/\/www.giselagarciagleria.com.ar\/en\/wp-json\/wp\/v2\/posts\/7318","targetHints":{"allow":["GET"]}}],"collection":[{"href":"https:\/\/www.giselagarciagleria.com.ar\/en\/wp-json\/wp\/v2\/posts"}],"about":[{"href":"https:\/\/www.giselagarciagleria.com.ar\/en\/wp-json\/wp\/v2\/types\/post"}],"author":[{"embeddable":true,"href":"https:\/\/www.giselagarciagleria.com.ar\/en\/wp-json\/wp\/v2\/users\/1"}],"replies":[{"embeddable":true,"href":"https:\/\/www.giselagarciagleria.com.ar\/en\/wp-json\/wp\/v2\/comments?post=7318"}],"version-history":[{"count":1,"href":"https:\/\/www.giselagarciagleria.com.ar\/en\/wp-json\/wp\/v2\/posts\/7318\/revisions"}],"predecessor-version":[{"id":11924,"href":"https:\/\/www.giselagarciagleria.com.ar\/en\/wp-json\/wp\/v2\/posts\/7318\/revisions\/11924"}],"wp:featuredmedia":[{"embeddable":true,"href":"https:\/\/www.giselagarciagleria.com.ar\/en\/wp-json\/wp\/v2\/media\/7324"}],"wp:attachment":[{"href":"https:\/\/www.giselagarciagleria.com.ar\/en\/wp-json\/wp\/v2\/media?parent=7318"}],"wp:term":[{"taxonomy":"category","embeddable":true,"href":"https:\/\/www.giselagarciagleria.com.ar\/en\/wp-json\/wp\/v2\/categories?post=7318"},{"taxonomy":"post_tag","embeddable":true,"href":"https:\/\/www.giselagarciagleria.com.ar\/en\/wp-json\/wp\/v2\/tags?post=7318"}],"curies":[{"name":"wp","href":"https:\/\/api.w.org\/{rel}","templated":true}]}}