{"id":7417,"date":"2007-12-20T11:22:05","date_gmt":"2007-12-20T14:22:05","guid":{"rendered":"https:\/\/www.giselagarciagleria.com.ar\/?p=7417"},"modified":"2026-02-08T19:45:17","modified_gmt":"2026-02-08T22:45:17","slug":"salon-de-tecnicas-de-realizacion-escenografica-del-teatro-colon","status":"publish","type":"post","link":"https:\/\/www.giselagarciagleria.com.ar\/en\/salon-de-tecnicas-de-realizacion-escenografica-del-teatro-colon\/","title":{"rendered":"Scenographic Production Techniques Room of the Col\u00f3n Theater"},"content":{"rendered":"<p>[et_pb_section fb_built=\u00bb1&#8243; _builder_version=\u00bb3.22&#8243;][et_pb_row _builder_version=\u00bb3.25&#8243; background_size=\u00bbinitial\u00bb background_position=\u00bbtop_left\u00bb background_repeat=\u00bbrepeat\u00bb][et_pb_column type=\u00bb4_4&#8243; _builder_version=\u00bb3.25&#8243; custom_padding=\u00bb|||\u00bb custom_padding__hover=\u00bb|||\u00bb][et_pb_text _builder_version=\u00bb4.5.6&#8243; text_font_size=\u00bb16px\u00bb text_line_height=\u00bb2em\u00bb background_size=\u00bbinitial\u00bb background_position=\u00bbtop_left\u00bb background_repeat=\u00bbrepeat\u00bb text_font_size_tablet=\u00bb\u00bb text_font_size_phone=\u00bb14px\u00bb text_font_size_last_edited=\u00bbon|phone\u00bb]<\/p>\n<p>Dentro del<strong> IX y X Sal\u00f3n de T\u00e9cnicas de Realizaci\u00f3n Escenogr\u00e1fica, <\/strong>se realizaron dos exposiciones colectivas donde se exhibieron pinturas, esculturas y maquetas, realizadas dentro del marco del curso dictado por el Teatro Col\u00f3n, abriendo las puertas a la comunidad para que pueda disfrutar de los trabajos, mayormente a gran escala, tanto originales como reproducciones.<\/p>\n<p>En esta oportunidad se expusieron cinco de mis pinturas de 2 x 3 metros:<\/p>\n<p><strong>\u00abCatedrales I\u00bb<\/strong> (Sobre obra original homenaje a Auguste Rodin)<\/p>\n<p><strong>\u00abCatedrales II\u00bb<\/strong> (Sobre obra original homenaje a Albrecht Durero)<\/p>\n<p><strong>\u00abIm\u00e1genes de Carcassonne\u00bb<\/strong> (obra original)<\/p>\n<p><strong>\u00abEl rapto de Psiqu\u00e9\u00bb<\/strong> (Reproducci\u00f3n a gran escala del original de William Bouguereau)<\/p>\n<p><strong>\u00abLa liberaci\u00f3n de San Pedro\u00bb<\/strong> (Reproducci\u00f3n a gran escala del original de Rafael Sanzio).<\/p>\n<p>Adem\u00e1s se expusieron<strong> \u00abHombre\u00bb<\/strong> y<strong> \u00abMujer en Rojo\u00bb<\/strong>,\u00a0 obras de 1 x 1.50 mts, y un <strong>Bajorrelieve<\/strong>, copia de un detalle de la tumba egipcia de Nefertari, realizado con t\u00e9cnicas escenogr\u00e1ficas.<\/p>\n<p>&nbsp;<\/p>\n<p><span style=\"color: #666699;\"><strong>Centro Cultural Carlos Gardel<\/strong><\/span><br \/> <span style=\"color: #666699;\">Olleros 3640, Buenos Aires, Argentina<\/span><\/p>\n<p><span style=\"color: #666699;\">6 de octubre y 20 de diciembre de 2007<\/span><\/p>\n<p>[\/et_pb_text][\/et_pb_column][\/et_pb_row][et_pb_row _builder_version=\u00bb3.25&#8243;][et_pb_column type=\u00bb4_4&#8243; _builder_version=\u00bb3.25&#8243; custom_padding=\u00bb|||\u00bb custom_padding__hover=\u00bb|||\u00bb][et_pb_gallery gallery_ids=\u00bb7100,7101,7108,7104,7111,7107,7116,8008,7483,7431,7430,7429,7428,7484,7427,7426,7425,7424,7423,7422,7421,7420,7419,7418&#8243; posts_number=\u00bb30&#8243; show_title_and_caption=\u00bboff\u00bb hover_overlay_color=\u00bbrgba(255,255,255,0.5)\u00bb _builder_version=\u00bb4.5.6&#8243; custom_margin=\u00bb30px||30px\u00bb hover_enabled=\u00bb0&#8243; border_color_all_image=\u00bb#000000&#8243; box_shadow_style_image=\u00bbpreset3&#8243; box_shadow_blur_image=\u00bb5px\u00bb][\/et_pb_gallery][\/et_pb_column][\/et_pb_row][\/et_pb_section][et_pb_section fb_built=\u00bb1&#8243; _builder_version=\u00bb4.5.3&#8243; _module_preset=\u00bbdefault\u00bb custom_padding=\u00bb0px||0px||true|false\u00bb global_module=\u00bb7387&#8243; saved_tabs=\u00bball\u00bb][et_pb_row _builder_version=\u00bb4.5.3&#8243; _module_preset=\u00bbdefault\u00bb][et_pb_column type=\u00bb4_4&#8243; _builder_version=\u00bb4.5.3&#8243; _module_preset=\u00bbdefault\u00bb][et_pb_post_nav _builder_version=\u00bb4.5.3&#8243; _module_preset=\u00bbdefault\u00bb title_font=\u00bb|600|||||||\u00bb title_font_size=\u00bb15px\u00bb custom_padding=\u00bb10px||10px||true|false\u00bb title_font_size_tablet=\u00bb\u00bb title_font_size_phone=\u00bb12px\u00bb title_font_size_last_edited=\u00bbon|desktop\u00bb border_width_top=\u00bb2px\u00bb border_color_top=\u00bb#88c4dd\u00bb][\/et_pb_post_nav][et_pb_text _builder_version=\u00bb4.5.3&#8243; _module_preset=\u00bbdefault\u00bb header_2_font=\u00bb|600|||||||\u00bb custom_padding=\u00bb||30px||false|false\u00bb custom_padding_tablet=\u00bb||20px||false|false\u00bb custom_padding_phone=\u00bb||10px||false|false\u00bb custom_padding_last_edited=\u00bbon|tablet\u00bb header_2_font_size_tablet=\u00bb22px\u00bb header_2_font_size_phone=\u00bb18px\u00bb header_2_font_size_last_edited=\u00bbon|phone\u00bb]<\/p>\n<h2>Temas relacionados<\/h2>\n<p>[\/et_pb_text][et_pb_blog fullwidth=\u00bboff\u00bb include_categories=\u00bbcurrent\u00bb show_more=\u00bbon\u00bb use_overlay=\u00bbon\u00bb hover_overlay_color=\u00bbrgba(0,0,0,0.25)\u00bb _builder_version=\u00bb4.5.3&#8243; _module_preset=\u00bbdefault\u00bb header_line_height=\u00bb1.6em\u00bb meta_font=\u00bb||on||||||\u00bb meta_text_color=\u00bb#0c71c3&#8243; meta_font_size=\u00bb12px\u00bb read_more_font=\u00bb|600|on||||||\u00bb read_more_text_color=\u00bb#a5457f\u00bb box_shadow_style=\u00bbpreset3&#8243; box_shadow_vertical=\u00bb9px\u00bb box_shadow_blur=\u00bb9px\u00bb][\/et_pb_blog][\/et_pb_column][\/et_pb_row][et_pb_row _builder_version=\u00bb4.5.3&#8243; _module_preset=\u00bbdefault\u00bb][et_pb_column type=\u00bb4_4&#8243; _builder_version=\u00bb4.5.3&#8243; _module_preset=\u00bbdefault\u00bb][et_pb_comments show_count=\u00bboff\u00bb _builder_version=\u00bb4.5.3&#8243; _module_preset=\u00bbdefault\u00bb][\/et_pb_comments][\/et_pb_column][\/et_pb_row][\/et_pb_section]<\/p>\n","protected":false},"excerpt":{"rendered":"<p>Dentro del IX y X Sal\u00f3n de T\u00e9cnicas de Realizaci\u00f3n Escenogr\u00e1fica, se realizaron dos exposiciones colectivas donde se exhibieron pinturas, esculturas y maquetas, realizadas dentro del marco del curso dictado por el Teatro Col\u00f3n, abriendo las puertas a la comunidad para que pueda disfrutar de los trabajos, mayormente a gran escala, tanto originales como reproducciones. [&hellip;]<\/p>\n","protected":false},"author":1,"featured_media":7429,"comment_status":"closed","ping_status":"open","sticky":false,"template":"","format":"standard","meta":{"_et_pb_use_builder":"on","_et_pb_old_content":"","_et_gb_content_width":"","footnotes":""},"categories":[74],"tags":[],"class_list":["post-7417","post","type-post","status-publish","format-standard","has-post-thumbnail","hentry","category-muestras-colectivas"],"a3_pvc":{"activated":false,"total_views":46,"today_views":0},"_links":{"self":[{"href":"https:\/\/www.giselagarciagleria.com.ar\/en\/wp-json\/wp\/v2\/posts\/7417","targetHints":{"allow":["GET"]}}],"collection":[{"href":"https:\/\/www.giselagarciagleria.com.ar\/en\/wp-json\/wp\/v2\/posts"}],"about":[{"href":"https:\/\/www.giselagarciagleria.com.ar\/en\/wp-json\/wp\/v2\/types\/post"}],"author":[{"embeddable":true,"href":"https:\/\/www.giselagarciagleria.com.ar\/en\/wp-json\/wp\/v2\/users\/1"}],"replies":[{"embeddable":true,"href":"https:\/\/www.giselagarciagleria.com.ar\/en\/wp-json\/wp\/v2\/comments?post=7417"}],"version-history":[{"count":1,"href":"https:\/\/www.giselagarciagleria.com.ar\/en\/wp-json\/wp\/v2\/posts\/7417\/revisions"}],"predecessor-version":[{"id":12350,"href":"https:\/\/www.giselagarciagleria.com.ar\/en\/wp-json\/wp\/v2\/posts\/7417\/revisions\/12350"}],"wp:featuredmedia":[{"embeddable":true,"href":"https:\/\/www.giselagarciagleria.com.ar\/en\/wp-json\/wp\/v2\/media\/7429"}],"wp:attachment":[{"href":"https:\/\/www.giselagarciagleria.com.ar\/en\/wp-json\/wp\/v2\/media?parent=7417"}],"wp:term":[{"taxonomy":"category","embeddable":true,"href":"https:\/\/www.giselagarciagleria.com.ar\/en\/wp-json\/wp\/v2\/categories?post=7417"},{"taxonomy":"post_tag","embeddable":true,"href":"https:\/\/www.giselagarciagleria.com.ar\/en\/wp-json\/wp\/v2\/tags?post=7417"}],"curies":[{"name":"wp","href":"https:\/\/api.w.org\/{rel}","templated":true}]}}