{"id":7455,"date":"2015-11-04T12:21:35","date_gmt":"2015-11-04T15:21:35","guid":{"rendered":"https:\/\/www.giselagarciagleria.com.ar\/?p=7455"},"modified":"2026-02-08T19:45:17","modified_gmt":"2026-02-08T22:45:17","slug":"negro-absoluto","status":"publish","type":"post","link":"https:\/\/www.giselagarciagleria.com.ar\/en\/negro-absoluto\/","title":{"rendered":"Absolut Black"},"content":{"rendered":"\n[et_pb_section fb_built=\u00bb1&#8243; _builder_version=\u00bb3.22&#8243;][et_pb_row _builder_version=\u00bb3.25&#8243; background_size=\u00bbinitial\u00bb background_position=\u00bbtop_left\u00bb background_repeat=\u00bbrepeat\u00bb][et_pb_column type=\u00bb4_4&#8243; _builder_version=\u00bb3.25&#8243; custom_padding=\u00bb|||\u00bb custom_padding__hover=\u00bb|||\u00bb][et_pb_text _builder_version=\u00bb4.5.6&#8243; background_size=\u00bbinitial\u00bb background_position=\u00bbtop_left\u00bb background_repeat=\u00bbrepeat\u00bb hover_enabled=\u00bb0&#8243; text_font_size=\u00bb16px\u00bb text_line_height=\u00bb2em\u00bb text_font_size_last_edited=\u00bbon|phone\u00bb text_font_size_phone=\u00bb14px\u00bb]<p>Despu\u00e9s de ocho a\u00f1os alejada de las exposiciones, volv\u00ed a retomar los pinceles adaptando mi t\u00e9cnica al acr\u00edlico sobre bastidores de peque\u00f1o y mediano tama\u00f1o.<\/p>\n<p>Para esta exposici\u00f3n colectiva, bajo la consigna de fondo completamente negro, realic\u00e9 tres pinturas de tono neosurrealista, en las que la figura humana se disgrega o se metamorfosea seg\u00fan sea el metamensaje de cada una.<\/p>\n<p><strong>\u00abNebulosa Mariposa\u00bb<\/strong> es un canto a la libertad espiritual, una mujer danzante que despliega las alas de una de las m\u00e1s bellas n\u00e9bulas del cosmos. Como una paradoja sublime, las fr\u00e1giles alas de la mariposa se expanden en la colosal dimensi\u00f3n c\u00f3smica del espacio inconmensurable del universo.<\/p>\n<p><strong>\u00abEsp\u00edritu Libre\u00bb<\/strong> es un autorretrato con arco y flecha, ya que el Tiro con Arco es otra de mis pasiones, un arte milenario que disfruto practicar cada vez que puedo. El cuadro lleva el nombre de mi arco, una definici\u00f3n de mi propio esp\u00edritu con la que alguna vez un querido amigo me describi\u00f3.<\/p>\n<p><strong>\u00abInsensatez\u00bb<\/strong> es una s\u00edncresis de m\u00faltiples significados. Representa la dualidad, la locura, el enga\u00f1o, la vanidad y la agresividad, atributo de quienes han confundido el real sentido de la vida y se pierden en la incoherencia de una pobre ficci\u00f3n, en la que tarde o temprano queda expuesta su mentira.<\/p>\n<p><strong>\u00abIntrospecci\u00f3n\u00bb<\/strong> muestra una figura humana arrobada en s\u00ed misma, envuelta en las alas de una lechuza, p\u00e1jaro que simboliza la sabidur\u00eda y el autoconocimiento. Mientras la persona mantiene sus o\u00eddos cubiertos y su mirada oculta en completa desnudez, el ave interpela fuertemente al observador con una mirada frontal y directa, observ\u00e1ndolo fijamente. Quiz\u00e1s en una doble actitud de protecci\u00f3n del conocimiento de aquel que se anima a bucear en sus sombras, as\u00ed como de pregunta a quien observa, queriendo saber si ser\u00e1 capaz de animarse tambi\u00e9n a hacerlo.<\/p>\n<p>&nbsp;<\/p>\n<p><span style=\"color: #666699;\"><strong>ARTEME Museo Regazzoni de Artistas Emergentes<br \/><\/strong>Av. del Libertador 405, Galpones 1 al 5, Buenos Aires. Argentina<\/span><\/p>\n<p><span style=\"color: #666699;\">Del 4 al 19 de noviembre de 2015<\/span><\/p>\n[\/et_pb_text][\/et_pb_column][\/et_pb_row][et_pb_row _builder_version=\u00bb3.25&#8243;][et_pb_column type=\u00bb4_4&#8243; _builder_version=\u00bb3.25&#8243; custom_padding=\u00bb|||\u00bb custom_padding__hover=\u00bb|||\u00bb][et_pb_gallery gallery_ids=\u00bb7120,2491,2494,3098,7461,7458,7472,7457,7471,7470,7469,7468,7467,7466,7465,7464,7463,7462,7460,7459,7456,7473&#8243; posts_number=\u00bb30&#8243; show_title_and_caption=\u00bboff\u00bb hover_overlay_color=\u00bbrgba(255,255,255,0.5)\u00bb _builder_version=\u00bb4.5.6&#8243; custom_margin=\u00bb30px||30px\u00bb border_color_all_image=\u00bb#000000&#8243; box_shadow_style_image=\u00bbpreset3&#8243; box_shadow_blur_image=\u00bb5px\u00bb][\/et_pb_gallery][\/et_pb_column][\/et_pb_row][\/et_pb_section][et_pb_section fb_built=\u00bb1&#8243; _builder_version=\u00bb4.5.3&#8243; _module_preset=\u00bbdefault\u00bb custom_padding=\u00bb0px||0px||true|false\u00bb global_module=\u00bb7387&#8243; saved_tabs=\u00bball\u00bb][et_pb_row _builder_version=\u00bb4.5.3&#8243; _module_preset=\u00bbdefault\u00bb][et_pb_column type=\u00bb4_4&#8243; _builder_version=\u00bb4.5.3&#8243; _module_preset=\u00bbdefault\u00bb][et_pb_post_nav _builder_version=\u00bb4.5.3&#8243; _module_preset=\u00bbdefault\u00bb title_font=\u00bb|600|||||||\u00bb title_font_size=\u00bb15px\u00bb custom_padding=\u00bb10px||10px||true|false\u00bb title_font_size_tablet=\u00bb\u00bb title_font_size_phone=\u00bb12px\u00bb title_font_size_last_edited=\u00bbon|desktop\u00bb border_width_top=\u00bb2px\u00bb border_color_top=\u00bb#88c4dd\u00bb][\/et_pb_post_nav][et_pb_text _builder_version=\u00bb4.5.3&#8243; _module_preset=\u00bbdefault\u00bb header_2_font=\u00bb|600|||||||\u00bb custom_padding=\u00bb||30px||false|false\u00bb custom_padding_tablet=\u00bb||20px||false|false\u00bb custom_padding_phone=\u00bb||10px||false|false\u00bb custom_padding_last_edited=\u00bbon|tablet\u00bb header_2_font_size_tablet=\u00bb22px\u00bb header_2_font_size_phone=\u00bb18px\u00bb header_2_font_size_last_edited=\u00bbon|phone\u00bb]<h2>Temas relacionados<\/h2>[\/et_pb_text][et_pb_blog fullwidth=\u00bboff\u00bb include_categories=\u00bbcurrent\u00bb show_more=\u00bbon\u00bb use_overlay=\u00bbon\u00bb hover_overlay_color=\u00bbrgba(0,0,0,0.25)\u00bb _builder_version=\u00bb4.5.3&#8243; _module_preset=\u00bbdefault\u00bb header_line_height=\u00bb1.6em\u00bb meta_font=\u00bb||on||||||\u00bb meta_text_color=\u00bb#0c71c3&#8243; meta_font_size=\u00bb12px\u00bb read_more_font=\u00bb|600|on||||||\u00bb read_more_text_color=\u00bb#a5457f\u00bb box_shadow_style=\u00bbpreset3&#8243; box_shadow_vertical=\u00bb9px\u00bb box_shadow_blur=\u00bb9px\u00bb][\/et_pb_blog][\/et_pb_column][\/et_pb_row][et_pb_row _builder_version=\u00bb4.5.3&#8243; _module_preset=\u00bbdefault\u00bb][et_pb_column type=\u00bb4_4&#8243; _builder_version=\u00bb4.5.3&#8243; _module_preset=\u00bbdefault\u00bb][et_pb_comments show_count=\u00bboff\u00bb _builder_version=\u00bb4.5.3&#8243; _module_preset=\u00bbdefault\u00bb][\/et_pb_comments][\/et_pb_column][\/et_pb_row][\/et_pb_section]\n","protected":false},"excerpt":{"rendered":"<p>Despu\u00e9s de ocho a\u00f1os alejada de las exposiciones, volv\u00ed a retomar los pinceles adaptando mi t\u00e9cnica al acr\u00edlico sobre bastidores de peque\u00f1o y mediano tama\u00f1o. Para esta exposici\u00f3n colectiva, bajo la consigna de fondo completamente negro, realic\u00e9 tres pinturas de tono neosurrealista, en las que la figura humana se disgrega o se metamorfosea seg\u00fan sea [&hellip;]<\/p>\n","protected":false},"author":1,"featured_media":7459,"comment_status":"closed","ping_status":"open","sticky":false,"template":"","format":"standard","meta":{"_et_pb_use_builder":"on","_et_pb_old_content":"","_et_gb_content_width":"","footnotes":""},"categories":[74],"tags":[],"class_list":["post-7455","post","type-post","status-publish","format-standard","has-post-thumbnail","hentry","category-muestras-colectivas"],"a3_pvc":{"activated":false,"total_views":37,"today_views":0},"_links":{"self":[{"href":"https:\/\/www.giselagarciagleria.com.ar\/en\/wp-json\/wp\/v2\/posts\/7455","targetHints":{"allow":["GET"]}}],"collection":[{"href":"https:\/\/www.giselagarciagleria.com.ar\/en\/wp-json\/wp\/v2\/posts"}],"about":[{"href":"https:\/\/www.giselagarciagleria.com.ar\/en\/wp-json\/wp\/v2\/types\/post"}],"author":[{"embeddable":true,"href":"https:\/\/www.giselagarciagleria.com.ar\/en\/wp-json\/wp\/v2\/users\/1"}],"replies":[{"embeddable":true,"href":"https:\/\/www.giselagarciagleria.com.ar\/en\/wp-json\/wp\/v2\/comments?post=7455"}],"version-history":[{"count":1,"href":"https:\/\/www.giselagarciagleria.com.ar\/en\/wp-json\/wp\/v2\/posts\/7455\/revisions"}],"predecessor-version":[{"id":12346,"href":"https:\/\/www.giselagarciagleria.com.ar\/en\/wp-json\/wp\/v2\/posts\/7455\/revisions\/12346"}],"wp:featuredmedia":[{"embeddable":true,"href":"https:\/\/www.giselagarciagleria.com.ar\/en\/wp-json\/wp\/v2\/media\/7459"}],"wp:attachment":[{"href":"https:\/\/www.giselagarciagleria.com.ar\/en\/wp-json\/wp\/v2\/media?parent=7455"}],"wp:term":[{"taxonomy":"category","embeddable":true,"href":"https:\/\/www.giselagarciagleria.com.ar\/en\/wp-json\/wp\/v2\/categories?post=7455"},{"taxonomy":"post_tag","embeddable":true,"href":"https:\/\/www.giselagarciagleria.com.ar\/en\/wp-json\/wp\/v2\/tags?post=7455"}],"curies":[{"name":"wp","href":"https:\/\/api.w.org\/{rel}","templated":true}]}}