{"id":8115,"date":"2020-09-27T14:31:08","date_gmt":"2020-09-27T17:31:08","guid":{"rendered":"https:\/\/www.giselagarciagleria.com.ar\/?p=8115"},"modified":"2026-02-08T19:45:20","modified_gmt":"2026-02-08T22:45:20","slug":"hacia-afuera","status":"publish","type":"post","link":"https:\/\/www.giselagarciagleria.com.ar\/en\/hacia-afuera\/","title":{"rendered":"Outward"},"content":{"rendered":"\n\n\n[et_pb_section fb_built=\u00bb1&#8243; _builder_version=\u00bb3.22&#8243;][et_pb_row _builder_version=\u00bb3.25&#8243; background_size=\u00bbinitial\u00bb background_position=\u00bbtop_left\u00bb background_repeat=\u00bbrepeat\u00bb][et_pb_column type=\u00bb4_4&#8243; _builder_version=\u00bb3.25&#8243; custom_padding=\u00bb|||\u00bb custom_padding__hover=\u00bb|||\u00bb][et_pb_text _builder_version=\u00bb4.6.1&#8243; text_font_size=\u00bb16px\u00bb text_line_height=\u00bb2em\u00bb background_size=\u00bbinitial\u00bb background_position=\u00bbtop_left\u00bb background_repeat=\u00bbrepeat\u00bb hover_enabled=\u00bb0&#8243; text_font_size_tablet=\u00bb\u00bb text_font_size_phone=\u00bb14px\u00bb text_font_size_last_edited=\u00bbon|phone\u00bb sticky_enabled=\u00bb0&#8243;]<p>En el contexto de la pandemia mundial por COVID -19 y el aislamiento social preventivo, la \u00fanica manera de seguir disfrutando de exposiciones art\u00edsticas result\u00f3 ser la virtualidad.\u00a0<\/p>\n<p>Iniciativa, curadur\u00eda y producci\u00f3n del artista pl\u00e1stico argentino Dar\u00edo Zilberstein, la convocatoria \u00abHacia afuera\u00bb reuni\u00f3 a 53 artistas que compartimos nuestro arte en un espacio virtual, mostrando nuestras producciones m\u00e1s recientes producidas en cuarentena.<\/p>\n<p>Esta muestra nace de nuestra necesidad de compartir nuestras expresiones a trav\u00e9s de nuestras obras, resignificando un espacio virtual de arte que\u00a0le da a la exposici\u00f3n un marco de pertenencia a trav\u00e9s del montaje.<\/p>\n<p>La exposici\u00f3n est\u00e1 ambientada en una reconstrucci\u00f3n digital de un nuevo espacio, donde comparto con excelentes artistas el espacio virtual, artistas que valoro y admiro por su calidad art\u00edstica y por su calidez como personas.\u00a0<\/p>\n<p><em><strong><\/strong><\/em><\/p>\n<p><em><strong>\u00abSin el arte, la crudeza de la realidad har\u00eda que el mundo fuese insoportable\u00bb. (Dar\u00edo Zilberstein)<\/strong><\/em><\/p>\n<p>&nbsp;<\/p>\n<p>&nbsp;<\/p>\n<p><strong><span style=\"color: #666699;\">Muestra Colectiva Virtual de Artes Visuales<br \/> <\/span><\/strong><span style=\"color: #666699;\">Inauguraci\u00f3n s\u00e1bado 26\/9\/2020 a las 19.00 h por Facebook, Instagram y YouTube<br \/><\/span><\/p>\n<p>&nbsp;<\/p>\n[\/et_pb_text][\/et_pb_column][\/et_pb_row][et_pb_row _builder_version=\u00bb3.25&#8243;][et_pb_column type=\u00bb4_4&#8243; _builder_version=\u00bb3.25&#8243; custom_padding=\u00bb|||\u00bb custom_padding__hover=\u00bb|||\u00bb][et_pb_gallery gallery_ids=\u00bb4299,44,6813,8122&#8243; posts_number=\u00bb30&#8243; show_title_and_caption=\u00bboff\u00bb hover_overlay_color=\u00bbrgba(255,255,255,0.5)\u00bb _builder_version=\u00bb4.6.1&#8243; custom_margin=\u00bb30px||30px\u00bb hover_enabled=\u00bb0&#8243; border_color_all_image=\u00bb#000000&#8243; box_shadow_style_image=\u00bbpreset3&#8243; box_shadow_blur_image=\u00bb5px\u00bb sticky_enabled=\u00bb0&#8243;][\/et_pb_gallery][et_pb_video src=\u00bbhttps:\/\/www.youtube.com\/watch?v=wR2X6vwygFQ&#038;feature=youtu.be\u00bb thumbnail_overlay_color=\u00bbrgba(0,0,0,0.6)\u00bb _builder_version=\u00bb4.6.1&#8243; _module_preset=\u00bbdefault\u00bb width=\u00bb70%\u00bb module_alignment=\u00bbcenter\u00bb custom_padding=\u00bb50px||50px||true|false\u00bb][\/et_pb_video][\/et_pb_column][\/et_pb_row][\/et_pb_section][et_pb_section fb_built=\u00bb1&#8243; _builder_version=\u00bb4.5.3&#8243; _module_preset=\u00bbdefault\u00bb custom_padding=\u00bb0px||0px||true|false\u00bb global_module=\u00bb7387&#8243; saved_tabs=\u00bball\u00bb][et_pb_row _builder_version=\u00bb4.5.3&#8243; _module_preset=\u00bbdefault\u00bb][et_pb_column type=\u00bb4_4&#8243; _builder_version=\u00bb4.5.3&#8243; _module_preset=\u00bbdefault\u00bb][et_pb_post_nav _builder_version=\u00bb4.5.3&#8243; _module_preset=\u00bbdefault\u00bb title_font=\u00bb|600|||||||\u00bb title_font_size=\u00bb15px\u00bb custom_padding=\u00bb10px||10px||true|false\u00bb title_font_size_tablet=\u00bb\u00bb title_font_size_phone=\u00bb12px\u00bb title_font_size_last_edited=\u00bbon|desktop\u00bb border_width_top=\u00bb2px\u00bb border_color_top=\u00bb#88c4dd\u00bb][\/et_pb_post_nav][et_pb_text _builder_version=\u00bb4.5.3&#8243; _module_preset=\u00bbdefault\u00bb header_2_font=\u00bb|600|||||||\u00bb custom_padding=\u00bb||30px||false|false\u00bb custom_padding_tablet=\u00bb||20px||false|false\u00bb custom_padding_phone=\u00bb||10px||false|false\u00bb custom_padding_last_edited=\u00bbon|tablet\u00bb header_2_font_size_tablet=\u00bb22px\u00bb header_2_font_size_phone=\u00bb18px\u00bb header_2_font_size_last_edited=\u00bbon|phone\u00bb]<h2>Temas relacionados<\/h2>[\/et_pb_text][et_pb_blog fullwidth=\u00bboff\u00bb include_categories=\u00bbcurrent\u00bb show_more=\u00bbon\u00bb use_overlay=\u00bbon\u00bb hover_overlay_color=\u00bbrgba(0,0,0,0.25)\u00bb _builder_version=\u00bb4.5.3&#8243; _module_preset=\u00bbdefault\u00bb header_line_height=\u00bb1.6em\u00bb meta_font=\u00bb||on||||||\u00bb meta_text_color=\u00bb#0c71c3&#8243; meta_font_size=\u00bb12px\u00bb read_more_font=\u00bb|600|on||||||\u00bb read_more_text_color=\u00bb#a5457f\u00bb box_shadow_style=\u00bbpreset3&#8243; box_shadow_vertical=\u00bb9px\u00bb box_shadow_blur=\u00bb9px\u00bb][\/et_pb_blog][\/et_pb_column][\/et_pb_row][et_pb_row _builder_version=\u00bb4.5.3&#8243; _module_preset=\u00bbdefault\u00bb][et_pb_column type=\u00bb4_4&#8243; _builder_version=\u00bb4.5.3&#8243; _module_preset=\u00bbdefault\u00bb][et_pb_comments show_count=\u00bboff\u00bb _builder_version=\u00bb4.5.3&#8243; _module_preset=\u00bbdefault\u00bb][\/et_pb_comments][\/et_pb_column][\/et_pb_row][\/et_pb_section]\n\n\n","protected":false},"excerpt":{"rendered":"<p>En el contexto de la pandemia mundial por COVID -19 y el aislamiento social preventivo, la \u00fanica manera de seguir disfrutando de exposiciones art\u00edsticas result\u00f3 ser la virtualidad.\u00a0 Iniciativa, curadur\u00eda y producci\u00f3n del artista pl\u00e1stico argentino Dar\u00edo Zilberstein, la convocatoria \u00abHacia afuera\u00bb reuni\u00f3 a 53 artistas que compartimos nuestro arte en un espacio virtual, mostrando [&hellip;]<\/p>\n","protected":false},"author":1,"featured_media":8121,"comment_status":"closed","ping_status":"open","sticky":false,"template":"","format":"standard","meta":{"_et_pb_use_builder":"on","_et_pb_old_content":"","_et_gb_content_width":"","footnotes":""},"categories":[74],"tags":[],"class_list":["post-8115","post","type-post","status-publish","format-standard","has-post-thumbnail","hentry","category-muestras-colectivas"],"a3_pvc":{"activated":false,"total_views":39,"today_views":2},"_links":{"self":[{"href":"https:\/\/www.giselagarciagleria.com.ar\/en\/wp-json\/wp\/v2\/posts\/8115","targetHints":{"allow":["GET"]}}],"collection":[{"href":"https:\/\/www.giselagarciagleria.com.ar\/en\/wp-json\/wp\/v2\/posts"}],"about":[{"href":"https:\/\/www.giselagarciagleria.com.ar\/en\/wp-json\/wp\/v2\/types\/post"}],"author":[{"embeddable":true,"href":"https:\/\/www.giselagarciagleria.com.ar\/en\/wp-json\/wp\/v2\/users\/1"}],"replies":[{"embeddable":true,"href":"https:\/\/www.giselagarciagleria.com.ar\/en\/wp-json\/wp\/v2\/comments?post=8115"}],"version-history":[{"count":1,"href":"https:\/\/www.giselagarciagleria.com.ar\/en\/wp-json\/wp\/v2\/posts\/8115\/revisions"}],"predecessor-version":[{"id":12338,"href":"https:\/\/www.giselagarciagleria.com.ar\/en\/wp-json\/wp\/v2\/posts\/8115\/revisions\/12338"}],"wp:featuredmedia":[{"embeddable":true,"href":"https:\/\/www.giselagarciagleria.com.ar\/en\/wp-json\/wp\/v2\/media\/8121"}],"wp:attachment":[{"href":"https:\/\/www.giselagarciagleria.com.ar\/en\/wp-json\/wp\/v2\/media?parent=8115"}],"wp:term":[{"taxonomy":"category","embeddable":true,"href":"https:\/\/www.giselagarciagleria.com.ar\/en\/wp-json\/wp\/v2\/categories?post=8115"},{"taxonomy":"post_tag","embeddable":true,"href":"https:\/\/www.giselagarciagleria.com.ar\/en\/wp-json\/wp\/v2\/tags?post=8115"}],"curies":[{"name":"wp","href":"https:\/\/api.w.org\/{rel}","templated":true}]}}