{"id":9426,"date":"2021-12-18T22:00:47","date_gmt":"2021-12-19T01:00:47","guid":{"rendered":"https:\/\/www.giselagarciagleria.com.ar\/?p=9426"},"modified":"2021-12-28T17:30:02","modified_gmt":"2021-12-28T20:30:02","slug":"chau-2021","status":"publish","type":"post","link":"https:\/\/www.giselagarciagleria.com.ar\/en\/chau-2021\/","title":{"rendered":"Bye 2021"},"content":{"rendered":"<p>[et_pb_section fb_built=\u00bb1&#8243; _builder_version=\u00bb4.7.7&#8243; _module_preset=\u00bbdefault\u00bb custom_padding=\u00bb||0px||false|false\u00bb global_colors_info=\u00bb{}\u00bb][et_pb_row _builder_version=\u00bb4.7.7&#8243; _module_preset=\u00bbdefault\u00bb global_colors_info=\u00bb{}\u00bb][et_pb_column type=\u00bb4_4&#8243; _builder_version=\u00bb4.7.7&#8243; _module_preset=\u00bbdefault\u00bb global_colors_info=\u00bb{}\u00bb][et_pb_text _builder_version=\u00bb4.14.4&#8243; _module_preset=\u00bbdefault\u00bb text_font_size=\u00bb16px\u00bb text_line_height=\u00bb2em\u00bb hover_enabled=\u00bb0&#8243; text_font_size_tablet=\u00bb\u00bb text_font_size_phone=\u00bb14px\u00bb text_font_size_last_edited=\u00bbon|phone\u00bb global_colors_info=\u00bb{}\u00bb sticky_enabled=\u00bb0&#8243;]<\/p>\n<p>Exposici\u00f3n colectiva en la que expuse mis obras <strong>\u00abUn paseo por las sombras durmientes\u00bb, \u00abUn m\u00edstico sue\u00f1o\u00bb y \u00abAlma de fuego\u00bb <\/strong>pertenecientes a la Serie \u00abHistoria de The Macallan\u00bb.<\/p>\n<p><span style=\"color: #666699;\"><strong>Nayart Espacio de Arte<br \/><\/strong>Thames 1844<strong>, <\/strong>Buenos Aires, Argentina<\/span><\/p>\n<p><span style=\"color: #666699;\">18 de diciembre de 2021<br \/><\/span><\/p>\n<p>&nbsp;<\/p>\n<p>[\/et_pb_text][\/et_pb_column][\/et_pb_row][et_pb_row _builder_version=\u00bb4.14.4&#8243; _module_preset=\u00bbdefault\u00bb global_colors_info=\u00bb{}\u00bb][et_pb_column type=\u00bb4_4&#8243; _builder_version=\u00bb4.14.4&#8243; _module_preset=\u00bbdefault\u00bb global_colors_info=\u00bb{}\u00bb][et_pb_gallery gallery_ids=\u00bb9316,9333,9315,9396,9405,9404,9403,9402,9401,9400,9399,9398,9397,9423,9420,9417,9415,9413,9411,9410,9408,9407,9436,9425,9424&#8243; posts_number=\u00bb16&#8243; show_title_and_caption=\u00bboff\u00bb hover_overlay_color=\u00bbrgba(255,255,255,0.5)\u00bb _builder_version=\u00bb4.14.4&#8243; custom_margin=\u00bb30px||30px\u00bb border_color_all_image=\u00bb#000000&#8243; box_shadow_style_image=\u00bbpreset3&#8243; box_shadow_blur_image=\u00bb5px\u00bb global_colors_info=\u00bb{}\u00bb][\/et_pb_gallery][et_pb_video src=\u00bbhttps:\/\/www.youtube.com\/watch?v=yFC-IgytiLo\u00bb _builder_version=\u00bb4.14.4&#8243; _module_preset=\u00bbdefault\u00bb width=\u00bb70%\u00bb module_alignment=\u00bbcenter\u00bb custom_margin=\u00bb||40px||false|false\u00bb box_shadow_style=\u00bbpreset3&#8243; box_shadow_blur=\u00bb10px\u00bb global_colors_info=\u00bb{}\u00bb][\/et_pb_video][et_pb_text _builder_version=\u00bb4.14.4&#8243; _module_preset=\u00bbdefault\u00bb text_font_size=\u00bb16px\u00bb text_line_height=\u00bb2em\u00bb text_font_size_tablet=\u00bb\u00bb text_font_size_phone=\u00bb14px\u00bb text_font_size_last_edited=\u00bbon|phone\u00bb locked=\u00bboff\u00bb global_colors_info=\u00bb{}\u00bb]<\/p>\n<p>Chau!<\/p>\n<p>Chau. Adi\u00f3s.<br \/>Soltar. Desprenderse. Dejar ir<br \/>Vaciar. Hacer lugar. Que entre lo nuevo.<br \/>Dar la \u00faltima pincelada. Tapar los tachos. Cerrar los pomos. Guardar los l\u00e1pices. Lavar los pinceles.<br \/>Ordenar el taller. Vaciar la mente, y dejarla llenarse de otras ideas, de otras formas, de otros colores, de otros sue\u00f1os.<br \/>Chau.<br \/>Mirar atr\u00e1s. La \u00faltima obra reposa en el caballete. En el aire, revuela aun el olor de la trementina.<br \/>El coraz\u00f3n se aferra a lo perdido. La mente busca m\u00e1s all\u00e1.<br \/>Mirar. Mirar con los ojos cerrados. Estirar la mano. Sentir el sol en la punta de los dedos.<br \/>Sentir la luz desgarrando las tinieblas. Bailar.<br \/>Bailar como si fuera la \u00faltima vez.<\/p>\n<p>Caminar. Reandar viejos caminos. Rescatar la belleza.<br \/>Dialogar con los Maestros. Embeberse de su sabidur\u00eda, de sus consejos, de su hacer.<br \/>Alimentar el alma. Con su luz, su sombra, su color.<br \/>Reafirmar conceptos. Cuestionar verdades. Repensar mentiras.<\/p>\n<p>Amar. Desamar y volver a amar de nuevo.<br \/>Prolongar el ser, suceder la sangre.<br \/>Ser viento, ser rio, ser aire, ser camino.<br \/>Ser flor, ser \u00e1rbol, ser semilla.<br \/>Llorar. Ser una gota de sal, y llorar.<\/p>\n<p>Sembrar. Sembrar el futuro de esperanza.<br \/>Dudar. Dudar de la duda y del quiz\u00e1s, de lo posible y lo imposible.<br \/>Dudar y no volver la vista atr\u00e1s.<br \/>Chau.<br \/>Pintar.<br \/>Pintar, luchar contra el olvido.<br \/>Pintar, disipando nieblas y fantasmas.<br \/>Pintar hasta que duelan los ojos y la espalda.<br \/>Hasta que sangren las manos<br \/>Hasta que aparezca tu yo en la nueva tela.<br \/>Chau.<\/p>\n<p><em><strong>Dario Zilbersztein<\/strong><\/em><br \/>Octubre 2021<\/p>\n<p>[\/et_pb_text][\/et_pb_column][\/et_pb_row][\/et_pb_section]<\/p>\n","protected":false},"excerpt":{"rendered":"<p>Exposici\u00f3n colectiva en la que expuse mis obras \u00abUn paseo por las sombras durmientes\u00bb, \u00abUn m\u00edstico sue\u00f1o\u00bb y \u00abAlma de fuego\u00bb pertenecientes a la Serie \u00abHistoria de The Macallan\u00bb. Nayart Espacio de ArteThames 1844, Buenos Aires, Argentina 18 de diciembre de 2021 &nbsp;Chau! Chau. Adi\u00f3s.Soltar. Desprenderse. Dejar irVaciar. Hacer lugar. Que entre lo nuevo.Dar la [&hellip;]<\/p>\n","protected":false},"author":1,"featured_media":9395,"comment_status":"open","ping_status":"open","sticky":false,"template":"","format":"standard","meta":{"_et_pb_use_builder":"on","_et_pb_old_content":"","_et_gb_content_width":"","footnotes":""},"categories":[74],"tags":[],"class_list":["post-9426","post","type-post","status-publish","format-standard","has-post-thumbnail","hentry","category-muestras-colectivas"],"a3_pvc":{"activated":false,"total_views":12,"today_views":0},"_links":{"self":[{"href":"https:\/\/www.giselagarciagleria.com.ar\/en\/wp-json\/wp\/v2\/posts\/9426","targetHints":{"allow":["GET"]}}],"collection":[{"href":"https:\/\/www.giselagarciagleria.com.ar\/en\/wp-json\/wp\/v2\/posts"}],"about":[{"href":"https:\/\/www.giselagarciagleria.com.ar\/en\/wp-json\/wp\/v2\/types\/post"}],"author":[{"embeddable":true,"href":"https:\/\/www.giselagarciagleria.com.ar\/en\/wp-json\/wp\/v2\/users\/1"}],"replies":[{"embeddable":true,"href":"https:\/\/www.giselagarciagleria.com.ar\/en\/wp-json\/wp\/v2\/comments?post=9426"}],"version-history":[{"count":0,"href":"https:\/\/www.giselagarciagleria.com.ar\/en\/wp-json\/wp\/v2\/posts\/9426\/revisions"}],"wp:featuredmedia":[{"embeddable":true,"href":"https:\/\/www.giselagarciagleria.com.ar\/en\/wp-json\/wp\/v2\/media\/9395"}],"wp:attachment":[{"href":"https:\/\/www.giselagarciagleria.com.ar\/en\/wp-json\/wp\/v2\/media?parent=9426"}],"wp:term":[{"taxonomy":"category","embeddable":true,"href":"https:\/\/www.giselagarciagleria.com.ar\/en\/wp-json\/wp\/v2\/categories?post=9426"},{"taxonomy":"post_tag","embeddable":true,"href":"https:\/\/www.giselagarciagleria.com.ar\/en\/wp-json\/wp\/v2\/tags?post=9426"}],"curies":[{"name":"wp","href":"https:\/\/api.w.org\/{rel}","templated":true}]}}