{"id":9768,"date":"2020-10-25T12:44:38","date_gmt":"2020-10-25T15:44:38","guid":{"rendered":"https:\/\/www.giselagarciagleria.com.ar\/?p=9768"},"modified":"2026-02-08T19:45:14","modified_gmt":"2026-02-08T22:45:14","slug":"revista-argentina-de-anatomia-online","status":"publish","type":"post","link":"https:\/\/www.giselagarciagleria.com.ar\/en\/revista-argentina-de-anatomia-online\/","title":{"rendered":"Online Argentine Journal of Anatomy"},"content":{"rendered":"<p>[et_pb_section fb_built=\u00bb1&#8243; _builder_version=\u00bb4.16&#8243; global_colors_info=\u00bb{}\u00bb theme_builder_area=\u00bbpost_content\u00bb][et_pb_row _builder_version=\u00bb4.16&#8243; background_size=\u00bbinitial\u00bb background_position=\u00bbtop_left\u00bb background_repeat=\u00bbrepeat\u00bb global_colors_info=\u00bb{}\u00bb theme_builder_area=\u00bbpost_content\u00bb][et_pb_column type=\u00bb4_4&#8243; _builder_version=\u00bb4.16&#8243; custom_padding=\u00bb|||\u00bb global_colors_info=\u00bb{}\u00bb custom_padding__hover=\u00bb|||\u00bb theme_builder_area=\u00bbpost_content\u00bb][et_pb_text _builder_version=\u00bb4.17.4&#8243; text_font_size=\u00bb16px\u00bb text_line_height=\u00bb2em\u00bb background_size=\u00bbinitial\u00bb background_position=\u00bbtop_left\u00bb background_repeat=\u00bbrepeat\u00bb hover_enabled=\u00bb0&#8243; text_font_size_tablet=\u00bb\u00bb text_font_size_phone=\u00bb14px\u00bb text_font_size_last_edited=\u00bbon|phone\u00bb global_colors_info=\u00bb{}\u00bb theme_builder_area=\u00bbpost_content\u00bb sticky_enabled=\u00bb0&#8243;]<\/p>\n<p>Mis obras <em>\u00abHombre\u00bb<\/em> y <em>\u00abMujer en rojo\u00bb<\/em> en las portadas de la <em><strong>Revista Argentina de Anatom\u00eda Online<\/strong><\/em>, a\u00f1os 2017 y 2020 respectivamente.<\/p>\n<p>La Revista Argentina de Anatom\u00eda Online es una publicaci\u00f3n cient\u00edfica trimestral de la Asociaci\u00f3n Argentina de Anatom\u00eda y la Asociac\u00edon Panamericana de Anatom\u00eda.<\/p>\n<p>En ella se expone una seleccion de trabajos realizados por m\u00e9dicos y residentes de medicina de todo el mundo para las ediciones del Congreso Argentino de Anatom\u00eda, que se realiza anualmente en distintas provincias del pa\u00eds.<\/p>\n<p>Sus portadas muestran c\u00f3mo distintos artistas de la pintura, escultura, fotograf\u00eda e ilustraci\u00f3n de todos los tiempos y estilos interpretan al cuerpo humano.<\/p>\n<p>[\/et_pb_text][et_pb_gallery posts_number=\u00bb20&#8243; show_title_and_caption=\u00bboff\u00bb hover_overlay_color=\u00bbrgba(255,255,255,0.5)\u00bb _builder_version=\u00bb4.17.4&#8243; custom_margin=\u00bb30px||30px\u00bb hover_enabled=\u00bb0&#8243; border_color_all_image=\u00bb#000000&#8243; box_shadow_style_image=\u00bbpreset3&#8243; box_shadow_blur_image=\u00bb5px\u00bb global_colors_info=\u00bb{}\u00bb theme_builder_area=\u00bbpost_content\u00bb gallery_ids=\u00bb9767,9773,9772,7107,7116&#8243; sticky_enabled=\u00bb0&#8243;][\/et_pb_gallery][\/et_pb_column][\/et_pb_row][\/et_pb_section][et_pb_section fb_built=\u00bb1&#8243; _builder_version=\u00bb4.5.3&#8243; _module_preset=\u00bbdefault\u00bb custom_padding=\u00bb0px||0px||true|false\u00bb global_module=\u00bb7387&#8243; saved_tabs=\u00bball\u00bb global_colors_info=\u00bb{}\u00bb theme_builder_area=\u00bbpost_content\u00bb][et_pb_row _builder_version=\u00bb4.16&#8243; _module_preset=\u00bbdefault\u00bb global_colors_info=\u00bb{}\u00bb theme_builder_area=\u00bbpost_content\u00bb][et_pb_column type=\u00bb4_4&#8243; _builder_version=\u00bb4.16&#8243; _module_preset=\u00bbdefault\u00bb global_colors_info=\u00bb{}\u00bb theme_builder_area=\u00bbpost_content\u00bb][et_pb_comments show_count=\u00bboff\u00bb _builder_version=\u00bb4.16&#8243; _module_preset=\u00bbdefault\u00bb global_colors_info=\u00bb{}\u00bb theme_builder_area=\u00bbpost_content\u00bb][\/et_pb_comments][\/et_pb_column][\/et_pb_row][\/et_pb_section]<\/p>\n","protected":false},"excerpt":{"rendered":"<p>Mis obras \u00abHombre\u00bb y \u00abMujer en rojo\u00bb en las portadas de la Revista Argentina de Anatom\u00eda Online, a\u00f1os 2017 y 2020 respectivamente. La Revista Argentina de Anatom\u00eda Online es una publicaci\u00f3n cient\u00edfica trimestral de la Asociaci\u00f3n Argentina de Anatom\u00eda y la Asociac\u00edon Panamericana de Anatom\u00eda. En ella se expone una seleccion de trabajos realizados por [&hellip;]<\/p>\n","protected":false},"author":1,"featured_media":9766,"comment_status":"closed","ping_status":"open","sticky":false,"template":"","format":"standard","meta":{"_et_pb_use_builder":"on","_et_pb_old_content":"","_et_gb_content_width":"","footnotes":""},"categories":[84],"tags":[],"class_list":["post-9768","post","type-post","status-publish","format-standard","has-post-thumbnail","hentry","category-publicaciones"],"a3_pvc":{"activated":false,"total_views":46,"today_views":0},"_links":{"self":[{"href":"https:\/\/www.giselagarciagleria.com.ar\/en\/wp-json\/wp\/v2\/posts\/9768","targetHints":{"allow":["GET"]}}],"collection":[{"href":"https:\/\/www.giselagarciagleria.com.ar\/en\/wp-json\/wp\/v2\/posts"}],"about":[{"href":"https:\/\/www.giselagarciagleria.com.ar\/en\/wp-json\/wp\/v2\/types\/post"}],"author":[{"embeddable":true,"href":"https:\/\/www.giselagarciagleria.com.ar\/en\/wp-json\/wp\/v2\/users\/1"}],"replies":[{"embeddable":true,"href":"https:\/\/www.giselagarciagleria.com.ar\/en\/wp-json\/wp\/v2\/comments?post=9768"}],"version-history":[{"count":1,"href":"https:\/\/www.giselagarciagleria.com.ar\/en\/wp-json\/wp\/v2\/posts\/9768\/revisions"}],"predecessor-version":[{"id":12348,"href":"https:\/\/www.giselagarciagleria.com.ar\/en\/wp-json\/wp\/v2\/posts\/9768\/revisions\/12348"}],"wp:featuredmedia":[{"embeddable":true,"href":"https:\/\/www.giselagarciagleria.com.ar\/en\/wp-json\/wp\/v2\/media\/9766"}],"wp:attachment":[{"href":"https:\/\/www.giselagarciagleria.com.ar\/en\/wp-json\/wp\/v2\/media?parent=9768"}],"wp:term":[{"taxonomy":"category","embeddable":true,"href":"https:\/\/www.giselagarciagleria.com.ar\/en\/wp-json\/wp\/v2\/categories?post=9768"},{"taxonomy":"post_tag","embeddable":true,"href":"https:\/\/www.giselagarciagleria.com.ar\/en\/wp-json\/wp\/v2\/tags?post=9768"}],"curies":[{"name":"wp","href":"https:\/\/api.w.org\/{rel}","templated":true}]}}